{"id":114911,"date":"2012-12-14T00:03:43","date_gmt":"2012-12-14T06:03:43","guid":{"rendered":"http:\/\/www.diarioimagen.net\/?p=114911"},"modified":"2012-12-15T05:03:37","modified_gmt":"2012-12-15T11:03:37","slug":"las-24-horas-del-dia-sera-aplicado-el-alcoholimetro","status":"publish","type":"post","link":"https:\/\/www.diarioimagen.net\/?p=114911","title":{"rendered":"Las 24 horas del d\u00eda ser\u00e1 aplicado el alcohol\u00edmetro"},"content":{"rendered":"<ul>\n<li><strong><em>En el dispositivo participar\u00e1n 17 mil elementos policiacos, 1,600 patrullas, 800 motocicletas y siete helic\u00f3pteros<\/em><\/strong><\/li>\n<\/ul>\n<div id=\"attachment_114945\" style=\"width: 250px\" class=\"wp-caption alignleft\"><a href=\"http:\/\/www.diarioimagen.net\/wp-content\/uploads\/2012\/12\/ALCOHOLIMETRO-2002.jpg\"><img loading=\"lazy\" decoding=\"async\" aria-describedby=\"caption-attachment-114945\" class=\"size-medium wp-image-114945\" alt=\"El pol\u00e9mico programa \u201cConduce sin Alcohol\u201d es parte de la estrategia denominada \u201cOperativo Navide\u00f1o\u201d, y por lo tanto trabajar\u00e1 las 24 horas hasta el 7 de enero.\" src=\"http:\/\/www.diarioimagen.net\/wp-content\/uploads\/2012\/12\/ALCOHOLIMETRO-2002-240x135.jpg\" width=\"240\" height=\"135\" \/><\/a><p id=\"caption-attachment-114945\" class=\"wp-caption-text\">El pol\u00e9mico programa \u201cConduce sin Alcohol\u201d es parte de la estrategia denominada \u201cOperativo Navide\u00f1o\u201d, y por lo tanto trabajar\u00e1 las 24 horas hasta el 7 de enero.<\/p><\/div>\n<p>El jefe de gobierno del Distrito Federal, Miguel \u00c1ngel Mancera Espinosa, inform\u00f3 que se puso en marcha el operativo Navide\u00f1o 2012, que concluir\u00e1 el 7 de enero y contar\u00e1 con la participaci\u00f3n de diferentes \u00e1reas de la administraci\u00f3n local.<\/p>\n<p>En conferencia de prensa, el secretario de Seguridad P\u00fablica capitalino, Jes\u00fas Rodr\u00edguez Almeida, detall\u00f3 que la dependencia destinar\u00e1 17 mil elementos para ese dispositivo, mil 600 patrullas, 800 motocicletas y siete helic\u00f3pteros.<\/p>\n<p>Con ese personal tambi\u00e9n se implementar\u00e1n recorridos de vigilancia en las inmediaciones de las terminales de autobuses y en el Aeropuerto Internacional de la Ciudad de M\u00e9xico (AICM).<\/p>\n<p>Adem\u00e1s se reforzar\u00e1 la vigilancia en zonas comerciales, financieras, restauranteras y tur\u00edsticas, as\u00ed como en mercados y romer\u00edas.<\/p>\n<p>Rodr\u00edguez Almeida enfatiz\u00f3 que los d\u00edas 24, 25 y 31 de diciembre, as\u00ed como el 1 y el 6 de enero se aplicar\u00e1 un operativo espec\u00edfico para prevenir actos delictivos y el Operativo Cometa tendente a abatir la venta y distribuci\u00f3n de material pirot\u00e9cnico en mercados populares.<\/p>\n<p>El funcionario puntualiz\u00f3 que el Programa Conduce sin Alcohol contar\u00e1 con puntos de revisi\u00f3n durante las 24 horas hasta la conclusi\u00f3n del operativo, y que \u00e9stos se instalar\u00e1n en las entradas de carreteras y terminales de autobuses.<\/p>\n<p>En esta ocasi\u00f3n se estima realizar 60 mil entrevistas, as\u00ed como dos mil remisiones al juez c\u00edvico y mil 500 env\u00edos de veh\u00edculos a corralones.<\/p>\n<p>El titular de la Procuradur\u00eda General de Justicia del Distrito Federal (PGJDF), Rodolfo R\u00edos, abund\u00f3 que la corporaci\u00f3n apoyar\u00e1 esas acciones con mil 910 elementos, 450 autopatrullas y 11 motopatrullas.<\/p>\n<p>A su vez, el titular de la Secretar\u00eda de Gobierno, H\u00e9ctor Serrano, adelant\u00f3 que tambi\u00e9n ser\u00e1 puesto en marcha el Operativo Torero para disuadir el ambulantaje en el Centro Hist\u00f3rico, en coordinaci\u00f3n con las autoridades delegacionales en Cuauht\u00e9moc que aportar\u00e1n 300 elementos de la Polic\u00eda Auxiliar.<\/p>\n<p>De igual forma, se tendr\u00e1 coordinaci\u00f3n de la denominada Base Morelos de las oficinas centrales del gobierno local con sus diferentes instancias y las 16 delegaciones para llevar a cabo principalmente las acciones de seguridad y protecci\u00f3n civil.<\/p>\n","protected":false},"excerpt":{"rendered":"<p>El jefe de gobierno del Distrito Federal, Miguel \u00c1ngel Mancera Espinosa, inform\u00f3 que se puso en marcha el operativo Navide\u00f1o 2012, que concluir\u00e1 el 7 de enero y contar\u00e1 con la participaci\u00f3n de diferentes \u00e1reas de la administraci\u00f3n local. En conferencia de prensa, el secretario de Seguridad P\u00fablica capitalino, Jes\u00fas Rodr\u00edguez Almeida, detall\u00f3 que la dependencia destinar\u00e1 17 mil elementos para ese dispositivo, mil 600 patrullas, 800 motocicletas y siete helic\u00f3pteros.<\/p>\n","protected":false},"author":3,"featured_media":0,"comment_status":"open","ping_status":"open","sticky":false,"template":"","format":"standard","meta":{"_monsterinsights_skip_tracking":false,"_monsterinsights_sitenote_active":false,"_monsterinsights_sitenote_note":"","_monsterinsights_sitenote_category":0,"footnotes":""},"categories":[17,6],"tags":[985,204,39,5314,1088],"class_list":["post-114911","post","type-post","status-publish","format-standard","hentry","category-especiales","category-cd-de-mexico","tag-alcoholimetro","tag-ciudad-de-mexico","tag-distrito-federal","tag-miguel-angel-mancera-espinosa","tag-seguridad-publica"],"_links":{"self":[{"href":"https:\/\/www.diarioimagen.net\/index.php?rest_route=\/wp\/v2\/posts\/114911","targetHints":{"allow":["GET"]}}],"collection":[{"href":"https:\/\/www.diarioimagen.net\/index.php?rest_route=\/wp\/v2\/posts"}],"about":[{"href":"https:\/\/www.diarioimagen.net\/index.php?rest_route=\/wp\/v2\/types\/post"}],"author":[{"embeddable":true,"href":"https:\/\/www.diarioimagen.net\/index.php?rest_route=\/wp\/v2\/users\/3"}],"replies":[{"embeddable":true,"href":"https:\/\/www.diarioimagen.net\/index.php?rest_route=%2Fwp%2Fv2%2Fcomments&post=114911"}],"version-history":[{"count":0,"href":"https:\/\/www.diarioimagen.net\/index.php?rest_route=\/wp\/v2\/posts\/114911\/revisions"}],"wp:attachment":[{"href":"https:\/\/www.diarioimagen.net\/index.php?rest_route=%2Fwp%2Fv2%2Fmedia&parent=114911"}],"wp:term":[{"taxonomy":"category","embeddable":true,"href":"https:\/\/www.diarioimagen.net\/index.php?rest_route=%2Fwp%2Fv2%2Fcategories&post=114911"},{"taxonomy":"post_tag","embeddable":true,"href":"https:\/\/www.diarioimagen.net\/index.php?rest_route=%2Fwp%2Fv2%2Ftags&post=114911"}],"curies":[{"name":"wp","href":"https:\/\/api.w.org\/{rel}","templated":true}]}}