{"id":114927,"date":"2012-12-14T00:04:40","date_gmt":"2012-12-14T06:04:40","guid":{"rendered":"http:\/\/www.diarioimagen.net\/?p=114927"},"modified":"2012-12-14T08:46:53","modified_gmt":"2012-12-14T14:46:53","slug":"jornada-violenta-en-acapulco-deja-saldo-de-ocho-muertos","status":"publish","type":"post","link":"https:\/\/www.diarioimagen.net\/?p=114927","title":{"rendered":"Jornada violenta en Acapulco deja saldo de ocho muertos"},"content":{"rendered":"<ul>\n<li><strong><em>Del total de los occisos, cuatro perecieron al enfrentarse a elementos del Ej\u00e9rcito en la carretera federal a M\u00e9xico<\/em><\/strong><\/li>\n<\/ul>\n<div id=\"attachment_114968\" style=\"width: 250px\" class=\"wp-caption alignleft\"><a href=\"http:\/\/www.diarioimagen.net\/wp-content\/uploads\/2012\/12\/acapulco-2002.jpg\" target=\"_blank\"><img loading=\"lazy\" decoding=\"async\" aria-describedby=\"caption-attachment-114968\" class=\"size-medium wp-image-114968 \" alt=\"Ej\u00e9rcito mexicano patrulla carreteras y zonas rurales de Guerrero.\" src=\"http:\/\/www.diarioimagen.net\/wp-content\/uploads\/2012\/12\/acapulco-2002-240x157.jpg\" width=\"240\" height=\"157\" \/><\/a><p id=\"caption-attachment-114968\" class=\"wp-caption-text\">Ej\u00e9rcito mexicano patrulla carreteras y zonas rurales de Guerrero.<\/p><\/div>\n<p><strong>Acapulco, Guerrero<\/strong>.- De nueva cuenta este paradisiaco puerto vivi\u00f3 una jornada violenta, donde perecieron al menos ocho personas, cuatro de ellas en un enfrentamiento con elementos del Ej\u00e9rcito en la zona rural de este municipio.<\/p>\n<p>De acuerdo con el parte ministerial, y de la Secretar\u00eda de Seguridad P\u00fablica municipal, estatal y federal, se confirm\u00f3 que ocho personas fueron abatidas en cuatro hechos diferentes del puerto.<\/p>\n<p>Al filo de las cinco de la madrugada una unidad operativa del Ej\u00e9rcito circulaba sobre la carretera federal en el kil\u00f3metro 101 + 900, y ah\u00ed fueron agredidos por un grupo de civiles armados.<\/p>\n<p>En la unidad del servicio p\u00fablico, un taxi amarillo con n\u00famero econ\u00f3mico 1054 y placas 4554-FFY, viajaban cuatro hombres con fusiles de asalto, a bordo de un Nissan tipo Tsuru de la ruta Las Cruces- Km El 30, y la leyenda \u201cEl Gato Volador\u201d, que perdieron la vida en el enfrentamiento. Hasta el momento, los cuatro muertos no han sido identificados. En el interior del taxi se encontr\u00f3 un rifle AK-47 y tres pistolas con sus cargadores abastecidos.<\/p>\n<p>Antes, a las tres de la madrugada en el fraccionamiento Hornos Insurgentes, se report\u00f3 que en la calle de Urdaneta, estaba un Tsuru taxi amarillo de la ruta Zapata\u2013Centro, con el n\u00famero 1648 y placas 51-48-FFY, al interior una persona del sexo masculino de entre 20 y 25 a\u00f1os de edad, privado de la vida y con dos mensajes.<\/p>\n<p>En Ciudad Renacimiento a la una de la madrugada, el Servicio de Emergencia 066 alert\u00f3 a las corporaciones de que sobre la calle L\u00e1zaro C\u00e1rdenas a la altura del Puente Roto, estaban los restos de dos personas asesinadas con disparos y les hab\u00edan dejado unos mensajes.<\/p>\n<p>Por la ma\u00f1ana un comando intent\u00f3 sacar de su domicilio a un hombre que opuso resistencia y fue asesinado de dos disparos en la cabeza, los hechos ocurrieron a las nueve de la ma\u00f1ana en el poblado de Llano Largo en la calle Moctezuma, en la zona conurbada de este destino de playa.<b><br \/>\n<\/b><\/p>\n<p>&nbsp;<\/p>\n","protected":false},"excerpt":{"rendered":"<p>De nueva cuenta este paradisiaco puerto vivi\u00f3 una jornada violenta, donde perecieron al menos ocho personas, cuatro de ellas en un enfrentamiento con elementos del Ej\u00e9rcito en la zona rural de este municipio.<\/p>\n","protected":false},"author":3,"featured_media":0,"comment_status":"open","ping_status":"open","sticky":false,"template":"","format":"standard","meta":{"_monsterinsights_skip_tracking":false,"_monsterinsights_sitenote_active":false,"_monsterinsights_sitenote_note":"","_monsterinsights_sitenote_category":0,"footnotes":""},"categories":[7],"tags":[706,3244,2135,43677,5066],"class_list":["post-114927","post","type-post","status-publish","format-standard","hentry","category-seguridad","tag-ejercito","tag-guerrero","tag-muertos","tag-seguridad","tag-violencia"],"_links":{"self":[{"href":"https:\/\/www.diarioimagen.net\/index.php?rest_route=\/wp\/v2\/posts\/114927","targetHints":{"allow":["GET"]}}],"collection":[{"href":"https:\/\/www.diarioimagen.net\/index.php?rest_route=\/wp\/v2\/posts"}],"about":[{"href":"https:\/\/www.diarioimagen.net\/index.php?rest_route=\/wp\/v2\/types\/post"}],"author":[{"embeddable":true,"href":"https:\/\/www.diarioimagen.net\/index.php?rest_route=\/wp\/v2\/users\/3"}],"replies":[{"embeddable":true,"href":"https:\/\/www.diarioimagen.net\/index.php?rest_route=%2Fwp%2Fv2%2Fcomments&post=114927"}],"version-history":[{"count":0,"href":"https:\/\/www.diarioimagen.net\/index.php?rest_route=\/wp\/v2\/posts\/114927\/revisions"}],"wp:attachment":[{"href":"https:\/\/www.diarioimagen.net\/index.php?rest_route=%2Fwp%2Fv2%2Fmedia&parent=114927"}],"wp:term":[{"taxonomy":"category","embeddable":true,"href":"https:\/\/www.diarioimagen.net\/index.php?rest_route=%2Fwp%2Fv2%2Fcategories&post=114927"},{"taxonomy":"post_tag","embeddable":true,"href":"https:\/\/www.diarioimagen.net\/index.php?rest_route=%2Fwp%2Fv2%2Ftags&post=114927"}],"curies":[{"name":"wp","href":"https:\/\/api.w.org\/{rel}","templated":true}]}}