{"id":115060,"date":"2012-12-17T00:09:22","date_gmt":"2012-12-17T06:09:22","guid":{"rendered":"http:\/\/www.diarioimagen.net\/?p=115060"},"modified":"2012-12-18T02:28:26","modified_gmt":"2012-12-18T08:28:26","slug":"la-vida-pasa-desde-crested-butte","status":"publish","type":"post","link":"https:\/\/www.diarioimagen.net\/?p=115060","title":{"rendered":"La vida pasa desde Crested Butte"},"content":{"rendered":"<h2>Detr\u00e1s del Poder<\/h2>\n<h5>Jos\u00e9 Antonio L\u00f3pez Sosa<\/h5>\n<p><span><br \/>\n<strong>Crested Butte, Colorado<\/strong>.- Salir de pronto por la ma\u00f1ana en la base de la monta\u00f1a, con 9 grados Celsius bajo cero y las colinas repletas de nieve, el cielo nublado, una nevada constante que deja su huella sobre escaleras, sillas, casas, calles y avenidas; miles de con\u00edferas al fondo y las grandes pistas de esqu\u00ed sobre la monta\u00f1a. As\u00ed amanece este diciembre en Crested Butte.<\/span><\/p>\n<p>Ya tendremos los siguientes d\u00edas para hablar de d\u00f3nde est\u00e1, c\u00f3mo se llega y qu\u00e9 m\u00e1s se puede hacer en este m\u00e1gico lugar en medio de las monta\u00f1as Rocallosas de Colorado, por ahora tan s\u00f3lo describiremos lo que ve, lo que se escucha y lo que los sentidos perciben en este lugar.<\/p>\n<p>Pasando entre las fogatas de la base de la monta\u00f1a, bajamos al pueblo, al centro de Crested Butte, 20 minutos nos separan. El autob\u00fas nos lleva entre senderos nevados y a lo lejos se observa nieve, m\u00e1s nieve, de pronto un par de aves se atraviesa en el camino, como surcando la nevada y volando de un lado al otro.<\/p>\n<p>Llegamos al pueblo, la calle principal \u201cElk Ave.\u201d (avenida del Alce) est\u00e1 llena de caf\u00e9s, galer\u00edas, restaurantes y sobre todo de vida, de gente y de calor humano. En seis o siete calles podemos ver desde una cafeter\u00eda hasta un museo, desde un spa hasta una galer\u00eda de artistas locales, as\u00ed es este lugar de cosmopolita pese a su diminuto tama\u00f1o si lo comparamos con las grandes urbes.<\/p>\n<p>En sus restaurantes podemos deleitarnos con platos ex\u00f3ticos, como alce o con la tradicional y reconocida carne roja de Colorado. El olor a caf\u00e9 y a chocolate contrastan con el viento helado que corre de un lado al otro.<\/p>\n<p>A medio camino en la calle principal nos encontramos con una destiler\u00eda de ron, \u00bfqui\u00e9n pensar\u00eda que a m\u00e1s de 2 mil 500 metros sobre el nivel del mar en un clima invernal se puede destilar ron?, de forma artesanal se destila con ca\u00f1a de az\u00facar tra\u00edda desde Hawai, barriles de roble americano que vienen de Mississippi y botellas de vidrio que importan desde M\u00e9xico, el \u201cMontanya\u201d es uno de los m\u00e1s sabrosos destilados de ca\u00f1a que hemos probado.<\/p>\n<p>Es com\u00fan encontrarse al alcalde por la calle, que los vecinos se conozcan entre ellos y que den un c\u00e1lido recibimiento al visitante que engalana estas tierras a\u00f1o con a\u00f1o, en el verano y el invierno.<\/p>\n<p>De pronto, despu\u00e9s de tanto caminar basta con voltear y mirar hacia los cuatro puntos cardinales para tratar de entender la belleza que la naturaleza le regal\u00f3 a este lugar. Las monta\u00f1as nevadas, los paisajes invernales con un dejo de nostalgia, en fin, escenas indescriptibles para unas l\u00edneas impresas en papel peri\u00f3dico.<\/p>\n<p>La noche cay\u00f3 poco despu\u00e9s de las 5 de la tarde, el cielo se engalan\u00f3 con centenares de estrellas, de constelaciones y planetas que se dejan ver entre la oscuridad, con la r\u00e1faga del aire fr\u00edo y la nieve a nuestros pies. \u00bfQu\u00e9 m\u00e1s se le puede pedir a la vida en un lugar como \u00e9ste?, as\u00ed es Crested Butte en Colorado.<\/p>\n<p><em><a href=\"mailto:lopez.sosa@mexico.com\" target=\"_blank\">lopez.sosa@mexico.com<\/a><\/em><br \/>\n<em><a href=\"http:\/\/twitter.com\/#%21\/joseantonio1977\" target=\"_blank\">@joseantonio1977<br \/>\n<\/a><\/em><em><a href=\"http:\/\/www.formulaconfidencial.com.mx\" target=\"_blank\">www.formulaconfidencial.com.mx<\/a><\/em><\/p>\n","protected":false},"excerpt":{"rendered":"<p><span style=\"color: #005497;\"><strong>Jos\u00e9 Antonio L\u00f3pez Sosa<\/strong><\/span><\/p>\n","protected":false},"author":3,"featured_media":0,"comment_status":"open","ping_status":"open","sticky":false,"template":"","format":"standard","meta":{"_monsterinsights_skip_tracking":false,"_monsterinsights_sitenote_active":false,"_monsterinsights_sitenote_note":"","_monsterinsights_sitenote_category":0,"footnotes":""},"categories":[637],"tags":[1944,25640,638,43690,43674],"class_list":["post-115060","post","type-post","status-publish","format-standard","hentry","category-jose-antonio-lopez-sosa","tag-colorado","tag-crested-butte","tag-detras-del-poder","tag-jose-antonio-lopez-sosa","tag-opinion"],"_links":{"self":[{"href":"https:\/\/www.diarioimagen.net\/index.php?rest_route=\/wp\/v2\/posts\/115060","targetHints":{"allow":["GET"]}}],"collection":[{"href":"https:\/\/www.diarioimagen.net\/index.php?rest_route=\/wp\/v2\/posts"}],"about":[{"href":"https:\/\/www.diarioimagen.net\/index.php?rest_route=\/wp\/v2\/types\/post"}],"author":[{"embeddable":true,"href":"https:\/\/www.diarioimagen.net\/index.php?rest_route=\/wp\/v2\/users\/3"}],"replies":[{"embeddable":true,"href":"https:\/\/www.diarioimagen.net\/index.php?rest_route=%2Fwp%2Fv2%2Fcomments&post=115060"}],"version-history":[{"count":0,"href":"https:\/\/www.diarioimagen.net\/index.php?rest_route=\/wp\/v2\/posts\/115060\/revisions"}],"wp:attachment":[{"href":"https:\/\/www.diarioimagen.net\/index.php?rest_route=%2Fwp%2Fv2%2Fmedia&parent=115060"}],"wp:term":[{"taxonomy":"category","embeddable":true,"href":"https:\/\/www.diarioimagen.net\/index.php?rest_route=%2Fwp%2Fv2%2Fcategories&post=115060"},{"taxonomy":"post_tag","embeddable":true,"href":"https:\/\/www.diarioimagen.net\/index.php?rest_route=%2Fwp%2Fv2%2Ftags&post=115060"}],"curies":[{"name":"wp","href":"https:\/\/api.w.org\/{rel}","templated":true}]}}