{"id":115068,"date":"2012-12-17T00:06:04","date_gmt":"2012-12-17T06:06:04","guid":{"rendered":"http:\/\/www.diarioimagen.net\/?p=115068"},"modified":"2012-12-18T02:33:26","modified_gmt":"2012-12-18T08:33:26","slug":"partido-desfondado","status":"publish","type":"post","link":"https:\/\/www.diarioimagen.net\/?p=115068","title":{"rendered":"Partido desfondado"},"content":{"rendered":"<h2>Pol\u00edtica Spot<\/h2>\n<h5>Juan Manuel Maga\u00f1a<\/h5>\n<p><span><br \/>\nFue mucho peor de lo esperado. Hace unos d\u00edas, el dirigente panista Gustavo Madero supon\u00eda que el PAN iba a perder al 50 por ciento de su militancia, pero result\u00f3 que fue el 70 por ciento.<\/span><\/p>\n<p>Desde el pasado mes de octubre, dicho partido lanz\u00f3 una campa\u00f1a, que concluy\u00f3 el pasado viernes, para que todos los panistas acudieran a refrendar su militancia.<\/p>\n<p>Se pudo comprobar que del mill\u00f3n 800 mil panistas que hab\u00eda, actualmente Acci\u00f3n Nacional se queda s\u00f3lo con 500 mil.<\/p>\n<p>El fen\u00f3meno ha dejado muy preocupados a los que se quedaron, pues advierten que la disminuci\u00f3n de militancia dejar\u00e1 en una posici\u00f3n muy endeble a su instituto para las pr\u00f3ximas contiendas electorales.<\/p>\n<p>Tambi\u00e9n se observa un doble problema. No se trata s\u00f3lo de la salida de militantes, tambi\u00e9n se confirma que el padr\u00f3n panista estaba inflado. En los \u00faltimos a\u00f1os la afiliaci\u00f3n se hab\u00eda pervertido pues para quienes quer\u00edan ganar una elecci\u00f3n interna era indispensable afiliar masivamente sin rigor ni requisito.<\/p>\n<p>Aquel que se dedicaba a afiliar se fortalec\u00eda al interior del partido y convert\u00eda a los afiliados en mera clientela electoral para los procesos internos.<\/p>\n<p>Adem\u00e1s, en esas afiliaciones masivas no pocos panistas se aprovechaban de programas sociales, plazas gubernamentales o recursos econ\u00f3micos.<\/p>\n<p>En medio de este desastre se ha observado por ejemplo que el padr\u00f3n del PAN en el DF estaba muy inflado. Hab\u00eda un registro de 18 mil miembros activos, cuando que hace seis a\u00f1os no se rebasaban los 6 mil.<\/p>\n<p>Pero en la pasada elecci\u00f3n presidencial, a pesar de suponer tener tantos militantes, el PAN no alcanz\u00f3 a cubrir con representantes las 12 mil casillas que se instalaron en la ciudad de M\u00e9xico.<\/p>\n<p>Lo que ya se lamenta es la p\u00e9rdida de panistas valiosos, comprometidos, que no acudieron a reafiliarse por estar en desacuerdo, decepcionados con lo que se ha convertido el PAN.<\/p>\n<p>Y hay aquellos que terminaron por darle la espalda al PAN luego de haber obtenido grandes beneficios. Uno de ellos es Vicente Fox que simplemente no se present\u00f3 al respectivo comit\u00e9 municipal del PAN en Guanajuato para refrendar su militancia.<\/p>\n<p>Felipe Calder\u00f3n anunci\u00f3 con un tuit que se hab\u00eda reafiliado, pero hay panistas que se preguntan si la ex candidata presidencial, Josefina V\u00e1zquez Mota, hizo lo mismo.<\/p>\n<p>Inclusive se duda de que la depuraci\u00f3n del padr\u00f3n sea real pues aun no est\u00e1 clara la calidad de los militantes con los que se queda el PAN.<\/p>\n<p>Lo \u00fanico que se sabe es que la salida de muchos militantes dejar\u00e1 en una posici\u00f3n muy endeble al partido para las pr\u00f3ximas contiendas electorales.<\/p>\n<p><em><a href=\"mailto: maganapalace@yahoo.com.mx\" target=\"_blank\">maganapalace@yahoo.com.mx<\/a><\/em><\/p>\n","protected":false},"excerpt":{"rendered":"<p><span style=\"color: #005497;\"><strong>Juan Manuel Maga\u00f1a<\/strong><\/span><\/p>\n","protected":false},"author":3,"featured_media":0,"comment_status":"open","ping_status":"open","sticky":false,"template":"","format":"standard","meta":{"_monsterinsights_skip_tracking":false,"_monsterinsights_sitenote_active":false,"_monsterinsights_sitenote_note":"","_monsterinsights_sitenote_category":0,"footnotes":""},"categories":[22905],"tags":[10227,363,43709,43674,22904],"class_list":["post-115068","post","type-post","status-publish","format-standard","hentry","category-juan-manuel-magana","tag-gustavo-madero-munoz","tag-josefina-vazquez-mota","tag-juan-manuel-magana","tag-opinion","tag-politica-spot"],"_links":{"self":[{"href":"https:\/\/www.diarioimagen.net\/index.php?rest_route=\/wp\/v2\/posts\/115068","targetHints":{"allow":["GET"]}}],"collection":[{"href":"https:\/\/www.diarioimagen.net\/index.php?rest_route=\/wp\/v2\/posts"}],"about":[{"href":"https:\/\/www.diarioimagen.net\/index.php?rest_route=\/wp\/v2\/types\/post"}],"author":[{"embeddable":true,"href":"https:\/\/www.diarioimagen.net\/index.php?rest_route=\/wp\/v2\/users\/3"}],"replies":[{"embeddable":true,"href":"https:\/\/www.diarioimagen.net\/index.php?rest_route=%2Fwp%2Fv2%2Fcomments&post=115068"}],"version-history":[{"count":0,"href":"https:\/\/www.diarioimagen.net\/index.php?rest_route=\/wp\/v2\/posts\/115068\/revisions"}],"wp:attachment":[{"href":"https:\/\/www.diarioimagen.net\/index.php?rest_route=%2Fwp%2Fv2%2Fmedia&parent=115068"}],"wp:term":[{"taxonomy":"category","embeddable":true,"href":"https:\/\/www.diarioimagen.net\/index.php?rest_route=%2Fwp%2Fv2%2Fcategories&post=115068"},{"taxonomy":"post_tag","embeddable":true,"href":"https:\/\/www.diarioimagen.net\/index.php?rest_route=%2Fwp%2Fv2%2Ftags&post=115068"}],"curies":[{"name":"wp","href":"https:\/\/api.w.org\/{rel}","templated":true}]}}