{"id":115080,"date":"2012-12-17T00:03:33","date_gmt":"2012-12-17T06:03:33","guid":{"rendered":"http:\/\/www.diarioimagen.net\/?p=115080"},"modified":"2012-12-18T04:29:01","modified_gmt":"2012-12-18T10:29:01","slug":"ejecutan-a-un-comandante-de-la-judicial-del-df-en-neza","status":"publish","type":"post","link":"https:\/\/www.diarioimagen.net\/?p=115080","title":{"rendered":"Ejecutan a un comandante de la Judicial del DF en Neza"},"content":{"rendered":"<ul>\n<li><strong><em>Arturo Reyna se resisti\u00f3 a entregar su autom\u00f3vil a un grupo de asaltantes que lo\u00a0 segu\u00eda y le dio alcance en la colonia Vergel de Guadalupe<\/em><\/strong><\/li>\n<\/ul>\n<p><a href=\"http:\/\/www.diarioimagen.net\/wp-content\/uploads\/2012\/12\/seguridad-2003.jpg\"><img loading=\"lazy\" decoding=\"async\" class=\"alignleft size-medium wp-image-115138\" style=\"margin-right: 9px; margin-bottom: 9px;\" alt=\"seguridad-2003\" src=\"http:\/\/www.diarioimagen.net\/wp-content\/uploads\/2012\/12\/seguridad-2003-240x135.jpg\" width=\"240\" height=\"135\" \/><\/a>Un comandante de la Polic\u00eda de Investigaci\u00f3n de la Procuradur\u00eda General de Justicia del Distrito Federal (PGJDF) fue asesinado la tarde de ayer de un disparo en el pecho por unos delincuentes que lo despojaron de su veh\u00edculo, en la colonia Vergel de Guadalupe, municipio de Nezahualc\u00f3yotl, Estado de M\u00e9xico.<\/p>\n<p>De acuerdo con testigos, el comandante Arturo Reyna, de 48 a\u00f1os de edad, conduc\u00eda un BMW sobre la avenida Jorge Jim\u00e9nez Cant\u00fa, cerca de la estaci\u00f3n Neza de la l\u00ednea B del Metro, e iba acompa\u00f1ado por una mujer.<\/p>\n<p>Poco antes de las 7:30 horas, fue interceptado por al menos cinco delincuentes que viajaban en dos veh\u00edculos, en el cruce con la calle Saltillo.<\/p>\n<p>Uno de los asaltantes le apunt\u00f3 con un arma para obligarlo a descender del autom\u00f3vil, pero Reyna se resisti\u00f3 al asalto y recibi\u00f3 un disparo. El ladr\u00f3n y sus c\u00f3mplices abordaron el veh\u00edculo y escaparon.<\/p>\n<p>En tanto, la acompa\u00f1ante de la v\u00edctima, descendi\u00f3 del auto y corri\u00f3 por ayuda a la estaci\u00f3n del Metro, pero abandon\u00f3 el lugar sin que pudiera precisar la relaci\u00f3n con la v\u00edctima.<\/p>\n","protected":false},"excerpt":{"rendered":"<p>Un comandante de la Polic\u00eda de Investigaci\u00f3n de la Procuradur\u00eda General de Justicia del Distrito Federal (PGJDF) fue asesinado la tarde de ayer de un disparo en el pecho por unos delincuentes que lo despojaron de su veh\u00edculo, en la colonia Vergel de Guadalupe, municipio de Nezahualc\u00f3yotl, Estado de M\u00e9xico.<\/p>\n","protected":false},"author":3,"featured_media":0,"comment_status":"open","ping_status":"open","sticky":false,"template":"","format":"standard","meta":{"_monsterinsights_skip_tracking":false,"_monsterinsights_sitenote_active":false,"_monsterinsights_sitenote_note":"","_monsterinsights_sitenote_category":0,"footnotes":""},"categories":[17,3],"tags":[4901,43675,43677],"class_list":["post-115080","post","type-post","status-publish","format-standard","hentry","category-especiales","category-nacional","tag-ejecutan","tag-estado-de-mexico","tag-seguridad"],"_links":{"self":[{"href":"https:\/\/www.diarioimagen.net\/index.php?rest_route=\/wp\/v2\/posts\/115080","targetHints":{"allow":["GET"]}}],"collection":[{"href":"https:\/\/www.diarioimagen.net\/index.php?rest_route=\/wp\/v2\/posts"}],"about":[{"href":"https:\/\/www.diarioimagen.net\/index.php?rest_route=\/wp\/v2\/types\/post"}],"author":[{"embeddable":true,"href":"https:\/\/www.diarioimagen.net\/index.php?rest_route=\/wp\/v2\/users\/3"}],"replies":[{"embeddable":true,"href":"https:\/\/www.diarioimagen.net\/index.php?rest_route=%2Fwp%2Fv2%2Fcomments&post=115080"}],"version-history":[{"count":0,"href":"https:\/\/www.diarioimagen.net\/index.php?rest_route=\/wp\/v2\/posts\/115080\/revisions"}],"wp:attachment":[{"href":"https:\/\/www.diarioimagen.net\/index.php?rest_route=%2Fwp%2Fv2%2Fmedia&parent=115080"}],"wp:term":[{"taxonomy":"category","embeddable":true,"href":"https:\/\/www.diarioimagen.net\/index.php?rest_route=%2Fwp%2Fv2%2Fcategories&post=115080"},{"taxonomy":"post_tag","embeddable":true,"href":"https:\/\/www.diarioimagen.net\/index.php?rest_route=%2Fwp%2Fv2%2Ftags&post=115080"}],"curies":[{"name":"wp","href":"https:\/\/api.w.org\/{rel}","templated":true}]}}