{"id":115120,"date":"2012-12-17T00:14:56","date_gmt":"2012-12-17T06:14:56","guid":{"rendered":"http:\/\/www.diarioimagen.net\/?p=115120"},"modified":"2012-12-17T05:57:03","modified_gmt":"2012-12-17T11:57:03","slug":"gdf-relanza-el-plan-pasajero-seguro","status":"publish","type":"post","link":"https:\/\/www.diarioimagen.net\/?p=115120","title":{"rendered":"GDF relanza el plan \u201cPasajero Seguro\u201d"},"content":{"rendered":"<ul>\n<li><strong><em>El gobierno desplegar\u00e1 diariamente personal para verificar taxis, microbuses, Metrob\u00fas y el transporte el\u00e9ctrico<\/em><\/strong><\/li>\n<\/ul>\n<div id=\"attachment_115179\" style=\"width: 250px\" class=\"wp-caption alignleft\"><a href=\"http:\/\/www.diarioimagen.net\/wp-content\/uploads\/2012\/12\/MICRO-2003.jpg\"><img loading=\"lazy\" decoding=\"async\" aria-describedby=\"caption-attachment-115179\" class=\"size-medium wp-image-115179\" alt=\"Los microbuses y taxis volver\u00e1n a ser supervisados para que transporten a los pasajeros con seguridad.\" src=\"http:\/\/www.diarioimagen.net\/wp-content\/uploads\/2012\/12\/MICRO-2003-240x174.jpg\" width=\"240\" height=\"174\" \/><\/a><p id=\"caption-attachment-115179\" class=\"wp-caption-text\">Los microbuses y taxis volver\u00e1n a ser supervisados para que transporten a los pasajeros con seguridad.<\/p><\/div>\n<p>El gobierno del Distrito Federal anunci\u00f3 el relanzamiento del programa \u201cPasajero Seguro\u201d, con el objetivo de reforzar la seguridad de los usuarios del transporte p\u00fablico a trav\u00e9s de la coordinaci\u00f3n interinstitucional de diversas dependencias capitalinas que desplegar\u00e1n, diariamente, a personal calificado para verificar que unidades de taxis, microbuses, Metrob\u00fas y de transporte el\u00e9ctrico, presten sus servicios de manera segura.<\/p>\n<p>En conferencia de prensa, El\u00edas Miguel Moreno Brizuela, jefe de la Oficina de la Jefatura de Gobierno del Distrito Federal, explic\u00f3 que se trata de proteger la integridad de quienes utilizan estos medios de transporte individuales o colectivos, y por ello se realizan operativos de revisi\u00f3n breves y eficaces en distintos puntos de la capital.<\/p>\n<p>Al recordar que este programa opera desde 2011, Moreno Brizuela detall\u00f3 que en el caso de los taxis en el Distrito Federal, se tienen registrados alrededor de 110 mil concesiones con las que se permiten millones de viajes anualmente, por lo que \u201clas estrategias de este programa van encaminadas a la prevenci\u00f3n del delito\u201d.<\/p>\n<p>Abund\u00f3 que el programa se desa\u00adrrolla en las coordinaciones territoriales que registran los \u00edndices delictivos m\u00e1s altos, a trav\u00e9s de acciones encubiertas para lo que se establecieron puntos de revisi\u00f3n donde, personal capacitado, realiza su tarea de forma \u00e1gil a efecto de evitar congestionamientos en el tr\u00e1nsito vehicular.<\/p>\n<p>De la misma manera, agreg\u00f3, el Instituto de Verificaci\u00f3n Administrativa del Distrito Federal (INVEA), se enfoca a supervisar el cumplimiento en materia de transporte como son: La concesi\u00f3n, los permisos, la licencia, el tarjet\u00f3n vigente, la p\u00f3liza de seguro y la tarjeta de circulaci\u00f3n. En caso de detectar irregularidades se da seguimiento a \u00e9stas.<\/p>\n<p>El jefe de la Oficina del Jefe de Gobierno del Distrito Federal afirm\u00f3 que, gracias a la implementaci\u00f3n de este tipo de acciones en los \u00faltimos a\u00f1os, se han disminuido de forma importante los \u00edndices delictivos, en \u00a0menos 43.9 por ciento.<\/p>\n<p>\u201cPodemos ver que el promedio semanal de denuncias de robo a bordo de taxi ha disminuido del 2006, que era de 14.8 y ahora que es de 12.6. La incidencia delictiva se redujo un 43 por ciento y se han revisado hasta el momento, 200 mil 449 taxis desde el inicio del programa, que es casi el doble de las concesiones que se tienen, se ejecutaron 26 mandamientos judiciales; 692 veh\u00edculos fueron remitidos al corral\u00f3n, por parte del INVEA; y 2 mil 100 m\u00e1s fueron remitidos por parte de la Secretar\u00eda de Seguridad P\u00fablica\u201d.<\/p>\n<p>Por otro lado, el funcionario habl\u00f3 de la implementaci\u00f3n de este programa en las unidades de microb\u00fas que se puso en marcha desde el 7 de mayo de este a\u00f1o y que se realiza de forma similar para detectar anomal\u00edas que vulneren la seguridad de los pasajeros, y actuar en consecuencia.<\/p>\n<p>As\u00ed, se realizaron operativos principalmente en las delegaciones Cuauht\u00e9moc, Gustavo A. Madero, Iztapalapa, Iztacalco y \u00c1lvaro Obreg\u00f3n, se consideraron 10 coordinaciones territoriales y se han realizado -hasta el momento- 18 mil revisiones, resultando de \u00e9stas 400 veh\u00edculos remitidos al corral\u00f3n, un aproximado de 20 mil revisiones a pasajeros masculinos.<\/p>\n<p>&nbsp;<\/p>\n","protected":false},"excerpt":{"rendered":"<p>El gobierno del Distrito Federal anunci\u00f3 el relanzamiento del programa \u201cPasajero Seguro\u201d, con el objetivo de reforzar la seguridad de los usuarios del transporte p\u00fablico a trav\u00e9s de la coordinaci\u00f3n interinstitucional de diversas dependencias capitalinas que desplegar\u00e1n, diariamente, a personal calificado para verificar que unidades de taxis, microbuses, Metrob\u00fas y de transporte el\u00e9ctrico, presten sus servicios de manera segura.<\/p>\n","protected":false},"author":3,"featured_media":0,"comment_status":"open","ping_status":"open","sticky":false,"template":"","format":"standard","meta":{"_monsterinsights_skip_tracking":false,"_monsterinsights_sitenote_active":false,"_monsterinsights_sitenote_note":"","_monsterinsights_sitenote_category":0,"footnotes":""},"categories":[6],"tags":[39,6264,43691,23601,5314,10980],"class_list":["post-115120","post","type-post","status-publish","format-standard","hentry","category-cd-de-mexico","tag-distrito-federal","tag-elias-miguel-moreno-brizuela","tag-gdf","tag-microbuses","tag-miguel-angel-mancera-espinosa","tag-taxis"],"_links":{"self":[{"href":"https:\/\/www.diarioimagen.net\/index.php?rest_route=\/wp\/v2\/posts\/115120","targetHints":{"allow":["GET"]}}],"collection":[{"href":"https:\/\/www.diarioimagen.net\/index.php?rest_route=\/wp\/v2\/posts"}],"about":[{"href":"https:\/\/www.diarioimagen.net\/index.php?rest_route=\/wp\/v2\/types\/post"}],"author":[{"embeddable":true,"href":"https:\/\/www.diarioimagen.net\/index.php?rest_route=\/wp\/v2\/users\/3"}],"replies":[{"embeddable":true,"href":"https:\/\/www.diarioimagen.net\/index.php?rest_route=%2Fwp%2Fv2%2Fcomments&post=115120"}],"version-history":[{"count":0,"href":"https:\/\/www.diarioimagen.net\/index.php?rest_route=\/wp\/v2\/posts\/115120\/revisions"}],"wp:attachment":[{"href":"https:\/\/www.diarioimagen.net\/index.php?rest_route=%2Fwp%2Fv2%2Fmedia&parent=115120"}],"wp:term":[{"taxonomy":"category","embeddable":true,"href":"https:\/\/www.diarioimagen.net\/index.php?rest_route=%2Fwp%2Fv2%2Fcategories&post=115120"},{"taxonomy":"post_tag","embeddable":true,"href":"https:\/\/www.diarioimagen.net\/index.php?rest_route=%2Fwp%2Fv2%2Ftags&post=115120"}],"curies":[{"name":"wp","href":"https:\/\/api.w.org\/{rel}","templated":true}]}}