{"id":115254,"date":"2012-12-18T00:02:21","date_gmt":"2012-12-18T06:02:21","guid":{"rendered":"http:\/\/www.diarioimagen.net\/?p=115254"},"modified":"2012-12-19T00:36:20","modified_gmt":"2012-12-19T06:36:20","slug":"y-las-carceles-cuando","status":"publish","type":"post","link":"https:\/\/www.diarioimagen.net\/?p=115254","title":{"rendered":"Y las c\u00e1rceles, \u00bfcu\u00e1ndo?"},"content":{"rendered":"<h2>Punto por punto<\/h2>\n<h5>Augusto Corro<\/h5>\n<p><span><br \/>\nLas c\u00e1rceles mexicanas son verdaderas bombas de tiempo debido a la sobrepoblaci\u00f3n de internos. Problema m\u00e1s que suficiente para convertir los reclusorios en infiernos.<\/span><\/p>\n<p>No se necesita ser un estudioso del sistema penitenciario para saber que los reclusos viven en condiciones infrahumanas.<\/p>\n<p>Lo grave de la situaci\u00f3n es que las autoridades saben lo que ocurre y nadie tiene inter\u00e9s real\u00a0 en resolver los grav\u00edsimos problemas.\u00a0 Si existe alguna ley para la rehabilitaci\u00f3n de los delincuentes, pocos saben de ella.<\/p>\n<p>El constante incremento en la poblaci\u00f3n penitenciaria rebas\u00f3, hace mucho tiempo, la posibilidad de aplicar las pol\u00edticas de reinserci\u00f3n social.<\/p>\n<p>La inseguridad en las prisiones representa un problema may\u00fasculo porque predomina la ley del m\u00e1s fuerte.<\/p>\n<p>En las c\u00e1rceles, las luchas por el poder interno siempre arrojan saldos sangrientos.<\/p>\n<p>El denominado autogobierno en las prisiones ha servido para fortalecer a los grupos de poder que se apoyan en grupos delincuenciales. As\u00ed, todos los conflictos propician que la corrupci\u00f3n surja como el eje principal en la vida interna de las penitenciarias.<\/p>\n<p>Debido al hacinamiento, los reclusos tienen que pelear por un espacio para dormir, conseguir alimentos, etc.<\/p>\n<p>(Hay unas fotograf\u00edas que muestran las condiciones en que duermen 40 reos en una celda para cuatro).<\/p>\n<p>El dinero juega un papel importante en esos sitios, pues los celadores cobran por las visitas ordinarias y las \u00edntimas; por la introducci\u00f3n de comida, por protecci\u00f3n, etc.<\/p>\n<p align=\"center\"><b>EL Z\u00d3CALO<\/b><\/p>\n<p>El historiador Miguel Le\u00f3n-Portilla dijo que el Z\u00f3calo capitalino es el coraz\u00f3n de la ciudad y no un circo donde se puedan montar cualquier tip\u00f2 de espect\u00e1culos.. \u00bfUsted qu\u00e9 opina amable lector?<\/p>\n<p>El tema se podr\u00eda analizar desde varios puntos: el hist\u00f3rico, el social, el pol\u00edtico y el uso pr\u00e1ctico del espacio.<\/p>\n<p>Estos dos \u00faltimos son los renglones se que tomaron en cuenta. El pol\u00edtico para que las autoridades del DF organizaran sus festivales, exposiciones, etc.; y en lo pr\u00e1ctico, para aprovechar el espacio que, aparentemente, solo servir\u00eda de paso para miles de transe\u00fantes.<\/p>\n<p>Tal vez, lo que llama m\u00e1s la atenci\u00f3n es la pista de hielo que se monta a\u00f1o con a\u00f1o en la temporada de fiestas decembrinas. Curiosa decisi\u00f3n de las autoridades de estimular el patinaje sobre hielo, en un pa\u00eds tropical.<\/p>\n<p>Es como si el gobierno de Canad\u00e1 instalara pabellones gigantescos con clima tropical en temporada de invierno, con el prop\u00f3sito de practicar futbol o voleibol playeros.<\/p>\n<p>Quiz\u00e1 porque yo nac\u00ed en tierra caliente no se me dio eso de patinar sobre hielo y que el asunto de las pistas de agua congelada me tiene sin cuidado, no me preocupa que el Z\u00f3calo funcione como circo.<\/p>\n<p>Aunque creo entender la postura del maestro Le\u00f3n-Portilla, sus conocimientos sobre historia le dan otra visi\u00f3n del uso que se le debe dar al Z\u00f3calo.<\/p>\n<p>Claro, estimado lector, aqu\u00ed en este espacio, es la que vale.<\/p>\n<p align=\"center\"><b>LA VOLUNTAD PRESIDENCIAL<\/b><\/p>\n<p>A ra\u00edz de la matanza de ni\u00f1os en Newton, Estados Unidos, el presidente Barack Obama dijo la noche del domingo que EU debe cambiar para evitar tragedias como la del viernes.<\/p>\n<p>\u201cYa no podemos tolerar esto. Estas tragedias deben terminar y, para terminarlas, debemos cambiar\u201d, se\u00f1alo el funcionario.\u00a0 Sin lugar a duda, las declaraciones de Obama ser\u00e1n dignas de tomarse en cuenta. No deben repetirse.<\/p>\n<p>Como le informamos ayer, doce ni\u00f1as y ocho ni\u00f1os fueron asesinados por un demente en las instalaciones escolares.<\/p>\n<p>Nos satisface que Obama asuma esa actitud de mandatario consciente de los males que aquejan a su pa\u00eds.<\/p>\n<p>Sin embargo, no ser\u00e1 f\u00e1cil que el cambio se realice de la noche a la ma\u00f1ana. Son muchos los interesados que se opondr\u00e1n a reformar las leyes que permiten la compra y posesi\u00f3n indiscriminada de armas.<\/p>\n<p>Se necesita algo m\u00e1s que el deseo de Obama para que desaparezca el fantasma de las matanzas en el territorio estadounidense.<\/p>\n<p><em><a href=\"mailto:aco2742@hotmail.com\" target=\"_blank\">aco2742@hotmail.com<\/a><\/em><\/p>\n","protected":false},"excerpt":{"rendered":"<p><span style=\"color: #005497;\"><strong>Augusto Corro<\/strong><\/span><\/p>\n","protected":false},"author":3,"featured_media":0,"comment_status":"open","ping_status":"open","sticky":false,"template":"","format":"standard","meta":{"_monsterinsights_skip_tracking":false,"_monsterinsights_sitenote_active":false,"_monsterinsights_sitenote_note":"","_monsterinsights_sitenote_category":0,"footnotes":""},"categories":[157],"tags":[43686,431,43674,11515],"class_list":["post-115254","post","type-post","status-publish","format-standard","hentry","category-augusto-corro","tag-augusto-corro","tag-canada","tag-opinion","tag-punto-por-punto"],"_links":{"self":[{"href":"https:\/\/www.diarioimagen.net\/index.php?rest_route=\/wp\/v2\/posts\/115254","targetHints":{"allow":["GET"]}}],"collection":[{"href":"https:\/\/www.diarioimagen.net\/index.php?rest_route=\/wp\/v2\/posts"}],"about":[{"href":"https:\/\/www.diarioimagen.net\/index.php?rest_route=\/wp\/v2\/types\/post"}],"author":[{"embeddable":true,"href":"https:\/\/www.diarioimagen.net\/index.php?rest_route=\/wp\/v2\/users\/3"}],"replies":[{"embeddable":true,"href":"https:\/\/www.diarioimagen.net\/index.php?rest_route=%2Fwp%2Fv2%2Fcomments&post=115254"}],"version-history":[{"count":0,"href":"https:\/\/www.diarioimagen.net\/index.php?rest_route=\/wp\/v2\/posts\/115254\/revisions"}],"wp:attachment":[{"href":"https:\/\/www.diarioimagen.net\/index.php?rest_route=%2Fwp%2Fv2%2Fmedia&parent=115254"}],"wp:term":[{"taxonomy":"category","embeddable":true,"href":"https:\/\/www.diarioimagen.net\/index.php?rest_route=%2Fwp%2Fv2%2Fcategories&post=115254"},{"taxonomy":"post_tag","embeddable":true,"href":"https:\/\/www.diarioimagen.net\/index.php?rest_route=%2Fwp%2Fv2%2Ftags&post=115254"}],"curies":[{"name":"wp","href":"https:\/\/api.w.org\/{rel}","templated":true}]}}