{"id":115404,"date":"2012-12-19T00:06:29","date_gmt":"2012-12-19T06:06:29","guid":{"rendered":"http:\/\/www.diarioimagen.net\/?p=115404"},"modified":"2012-12-20T01:50:15","modified_gmt":"2012-12-20T07:50:15","slug":"moreira-va-en-serio-contra-calderon","status":"publish","type":"post","link":"https:\/\/www.diarioimagen.net\/?p=115404","title":{"rendered":"Moreira va en serio contra Calder\u00f3n"},"content":{"rendered":"<h2>Tras la puerta del poder<\/h2>\n<h5>Roberto Vizca\u00edno<\/h5>\n<p>&nbsp;<\/p>\n<ul>\n<li><strong><i>El ex presidente del PRI present\u00f3 un documento directo y muy consistente contra el michoacano<\/i><\/strong><\/li>\n<li><strong><i>El argumento central es poderoso: el ex mandatario lanz\u00f3 a la tropa sin permiso del Congreso<\/i><\/strong><\/li>\n<li><strong><i>En el equipo de Pe\u00f1a Nieto todos trabajan por la reforma educativa y el presupuesto<\/i><\/strong><\/li>\n<\/ul>\n<p>Sustentado por un experimentado equipo de abogados, el expresidente del PRI, Humberto Moreira acus\u00f3 al ex presidente Felipe Calder\u00f3n ante la Corte Penal Internacional de La Haya de haber impuesto \u201cun Estado de excepci\u00f3n\u201d sin consultar al Congreso, y lanzando al Ej\u00e9rcito a una guerra que expuso gravemente a la poblaci\u00f3n con pretexto de la lucha contra el narcotr\u00e1fico.<\/p>\n<p>En una denuncia sin desperdicio, de apenas 40 cuartillas, que contienen 16 cap\u00edtulos, y que fue presentada el 28 de noviembre por Moreira Vald\u00e9s ante la fiscal Fatou Bensouda de La Haya se advierte que Calder\u00f3n orden\u00f3 \u201cla movilizaci\u00f3n de las Fuerzas Armadas sin haber suspendido las garant\u00edas constitucionales, previa autorizaci\u00f3n del Congreso\u201d.<\/p>\n<p>De ah\u00ed, afirma, su responsabilidad directa de los cr\u00edmenes que se le imputan, en su car\u00e1cter de comandante supremo de las Fuerzas Armadas.<\/p>\n<p>El ex gobernador de Coahuila afirma que Calder\u00f3n, en su calidad de \u201cPresidente de la Rep\u00fablica, declar\u00f3 un Estado de guerra interna en M\u00e9xico y moviliz\u00f3 a las tropas en el territorio nacional, sin proteger a la poblaci\u00f3n civil mediante la suspensi\u00f3n de garant\u00edas constitucionales\u201d.<\/p>\n<p>Esto lo inici\u00f3 Calder\u00f3n el 11 de diciembre de 2006, cuando orden\u00f3 el env\u00edo de tropas a Michoac\u00e1n para combatir y erradicar a las bandas de narcotraficantes ubicadas en esa entidad.<\/p>\n<p>De ah\u00ed Calder\u00f3n envi\u00f3 a las fuerzas armadas al resto del pa\u00eds, sin contar con la aprobaci\u00f3n del Congreso y sin ning\u00fan plan previo.<\/p>\n<p>Desde entonces, afirma Moreira en su denuncia, Calder\u00f3n dirigi\u00f3 \u201cla guerra contra el narcotr\u00e1fico no como un plan de acci\u00f3n aislado, sino como el eje rector de su pol\u00edtica nacional\u201d.<\/p>\n<p>As\u00ed, desde que Calder\u00f3n aplic\u00f3 la Operaci\u00f3n Conjunta Michoac\u00e1n, la guerra contra el narcotr\u00e1fico se extendi\u00f3 en todo el pa\u00eds, \u201csin que se conozca a ciencia cierta el n\u00famero de muertos que ha provocado, especul\u00e1ndose que los mismos pueden ser de 50 mil hasta 150 mil\u201d, indica en su denuncia.<\/p>\n<p>El expediente, bien armado y sustentado, advierte que hasta hoy no es posible conocer con exactitud el n\u00famero de violaciones a los derechos humanos cometidos por las tropas.<\/p>\n<p>El tama\u00f1o de estas violaciones lo indica el n\u00famero de recomendaciones emitidas por la Comisi\u00f3n Nacional de los Derechos Humanos que suma m\u00e1s de 10 para las Fuerzas Armadas y 102 para la Secretar\u00eda de la Defensa y para la Secretar\u00eda de Marina entre diciembre de 2006 a abril de 2012.<\/p>\n<p>Otro de los graves problemas que propiciaron miles de muertes y violaciones a los derechos humanos, surge de que la orden presidencial de movilizar a la tropa, se hizo sin contar con los protocolos de uso de la fuerza.<\/p>\n<p>\u201cCon dicha estrategia los reportes de la tasa de homicidios, s\u00f3lo en relaci\u00f3n con la delincuencia organizada, mostraron un incremento de 260% entre 2007 y 2010, cont\u00e1ndose 2 mil 826 homicidios en el primer a\u00f1o y 15 mil 273 en el segundo\u2026<\/p>\n<p>\u201c(Entre estos) se reportaron 996 ni\u00f1os y ni\u00f1as muertos en M\u00e9xico entre diciembre de 2006 y octubre de 2010 a causa de la guerra contra el crimen organizado\u2026<\/p>\n<p>\u201cEntre diciembre de 2006 y febrero de 2010, los siete c\u00e1rteles de narcotr\u00e1fico reconocidos tuvieron mil 306 bajas por prisi\u00f3n, y 500 mil personas participan en sus filas\u2026 En la guerra contra el narcotr\u00e1fico han participado 70 mil militares y marinos\u201d, precis\u00f3.<\/p>\n<p>Para 2010 esta guerra habr\u00eda desplazado no menos de 230 mil personas como consecuencia directa de la violencia generada por la delincuencia organizada.<\/p>\n<p>El ex gobernador de Coahuila pretende que la Corte Penal Internacional de La Haya finque responsabilidades penales internacionales contra Calder\u00f3n.<\/p>\n<p>Porque, afirma, \u201cal comandar y movilizar a las Fuerzas Armadas mexicanas, sin respetar los requisitos constitucionales, ni los tratados de Ginebra, propici\u00f3 que las tropas bajo su mando atentaran contra la vida e integridad de las personas que no participaban de ninguna forma en las hostilidades, sujet\u00e1ndolas a tratos crueles, tortura y ultrajes contra su dignidad personal, imponi\u00e9ndoles especialmente tratos humillantes y degradantes.<\/p>\n<p>\u201cConsecuentemente, el Presidente de la Rep\u00fablica es, posiblemente, directamente responsable de los cr\u00edmenes que se le imputan, en su car\u00e1cter de comandante supremo de las Fuerzas Armadas\u201d, concluye la denuncia de 40 p\u00e1ginas y 16 cap\u00edtulos.<\/p>\n<p>Lo hecho, hecho est\u00e1. La denuncia fue recibida y ser\u00e1 tramitada lejos de la influencia del ex presidente. Los analistas advierten que esta demanda podr\u00eda reforzarse con otras adhesiones y acusaciones de otros personajes y grupos.<\/p>\n<p>El panorama no se advierte f\u00e1cil para el ex presidente, quien por estos d\u00edas deber\u00e1 estar siendo analizado por las autoridades de la Universidad de Harvard, que podr\u00eda retirarle su \u201cinvitaci\u00f3n\u201d a dar c\u00e1tedra.<\/p>\n<p>Se sabe que quien le consigui\u00f3 este empleo, fue el embajador de M\u00e9xico en Washington, Arturo Sarukhan quien durante casi todo el a\u00f1o que casi concluye, dedic\u00f3 su esfuerzo a buscar d\u00f3nde ubicar a Felipe Calder\u00f3n una vez que dejara el cargo.<\/p>\n<p align=\"center\">\u00a0<b>NEGOCIACI\u00d3N IN\u00c9DITA<\/b><\/p>\n<p>Como nunca antes, la C\u00e1mara de Diputados y la de Senadores se encuentran hoy dentro de un proceso de negociaci\u00f3n que lo mismo incluye a las dirigencias nacionales de los partidos, que a los gobernadores y a una buena parte del gabinete del presidente Enrique Pe\u00f1a Nieto, pero especialmente a su secretario de Gobernaci\u00f3n, Miguel \u00c1ngel Osorio Chong, al titular de Hacienda Luis Videgaray y al de Educaci\u00f3n P\u00fablica, Emilio Chuayffet.<\/p>\n<p>Todos ellos tienen experiencia legislativa y sin duda una s\u00f3lida carrera pol\u00edtica.<\/p>\n<p>Ni qu\u00e9 decir que todos ellos son apoyados por dos de los personajes m\u00e1s reconocidos por su capacidad negociadora dentro el Congreso y en el Sistema Pol\u00edtico Mexicano: Manlio Fabio Beltrones y Emilio Gamboa.<\/p>\n<p>Todos trabajan hoy en cada uno de sus foros de influencia para sacar aprobadas antes de que concluya el a\u00f1o los presupuestos de Ingresos y Egresos as\u00ed como la reforma educativa y la creaci\u00f3n de la Comisi\u00f3n Nacional Anticorrupci\u00f3n.<\/p>\n<p>Los elementos de la negociaci\u00f3n son todos: desde acuerdos pol\u00edticos, obras para determinados estados, la aplicaci\u00f3n de programas de inter\u00e9s hasta importantes, multimillonarias partidas del presupuesto.<\/p>\n<p>Del lado de los opositores se da el c\u00ednico agandalle. Saben que a Pe\u00f1a Nieto le interesan, le urgen sus votos, y ellos los cobran como si costaran en euros.<\/p>\n<p>As\u00ed en la C\u00e1mara de Diputados se da, por ejemplo, un acuerdo para salvaguardar la permanencia de los maestros dentro del sistema educativo sin que esta quede condicionada al cumplimiento del servicio profesional docente.<\/p>\n<p>En cuanto a la integraci\u00f3n de la Junta de Gobierno del Instituto Para la Evaluaci\u00f3n de la Educaci\u00f3n, se avanza para permitir que Pe\u00f1a Nieto y quienes le precedan puedan proponer ternas que luego ser\u00e1n sancionadas y aprobadas por el Senado como ocurre con la elecci\u00f3n de los ministros de la Suprema Corte de Justicia de la Naci\u00f3n.<\/p>\n<p>El coordinador de los diputados del PRI, el sonorense Manlio Fabio Beltrones indic\u00f3 que espera que este per\u00edodo concluya como el m\u00e1s exitoso de todas las legislaturas.<\/p>\n<p>Consider\u00f3 que dentro de este contexto est\u00e1 seguro de que la reforma educativa ser\u00e1 aprobada antes de que concluya el a\u00f1o.<\/p>\n<p>\u201cSi no es hoy, ma\u00f1ana\u201d, se\u00f1al\u00f3.<\/p>\n<p>Y explic\u00f3:<\/p>\n<p>\u201cTenemos todav\u00eda una idea compartida con la colegisladora, de lo que pudiera ser la f\u00f3rmula del nombramiento de los miembros de la Junta de Gobierno, que se tiene en el Instituto Nacional para la Evaluaci\u00f3n de la Educaci\u00f3n.<\/p>\n<p>\u201cEn la iniciativa, como ustedes recuerdan, viene el nombramiento del Ejecutivo y es votado por las dos terceras partes del Senado de la Rep\u00fablica.<\/p>\n<p>\u201cHay quienes mencionan que el Ejecutivo no debe tener intervenci\u00f3n alguna en el nombramiento de los cinco miembros de esta Junta, lo cual para nosotros es inadmisible, porque trat\u00e1ndose de pol\u00edtica educativa, es una pol\u00edtica de Estado, en la que tiene mucha responsabilidad el Poder Ejecutivo, el Presidente de la Rep\u00fablica, por lo cual debe tener una intervenci\u00f3n en ese nombramiento, como tambi\u00e9n el Senado de la Rep\u00fablica, en la ratificaci\u00f3n de estos miembros de un \u00f3rgano aut\u00f3nomo.<\/p>\n<p>\u201cEstamos platicando acerca\u00a0 de ello, intentando llegar a un acuerdo que nos permita que lo que se apruebe en C\u00e1mara de Diputados pase r\u00e1pidamente en el Senado de la Rep\u00fablica\u201d, dijo.<\/p>\n<p><em><a href=\"mailto:rvizcaino@gmail.com\" target=\"_blank\">rvizcaino@gmail.com<\/a><\/em><\/p>\n<div id=\"attachment_115476\" style=\"width: 430px\" class=\"wp-caption aligncenter\"><a href=\"http:\/\/www.diarioimagen.net\/wp-content\/uploads\/2012\/12\/GUINNESS-trizas-2005-.jpg\"><img loading=\"lazy\" decoding=\"async\" aria-describedby=\"caption-attachment-115476\" class=\"size-large wp-image-115476\" alt=\"Guinness | Trizas\" src=\"http:\/\/www.diarioimagen.net\/wp-content\/uploads\/2012\/12\/GUINNESS-trizas-2005--420x319.jpg\" width=\"420\" height=\"319\" \/><\/a><p id=\"caption-attachment-115476\" class=\"wp-caption-text\">Guinness | Trizas<\/p><\/div>\n","protected":false},"excerpt":{"rendered":"<p><span style=\"color: #005497;\"><strong>Roberto Vizca\u00edno<\/strong><\/span><\/p>\n","protected":false},"author":3,"featured_media":0,"comment_status":"open","ping_status":"open","sticky":false,"template":"","format":"standard","meta":{"_monsterinsights_skip_tracking":false,"_monsterinsights_sitenote_active":false,"_monsterinsights_sitenote_note":"","_monsterinsights_sitenote_category":0,"footnotes":""},"categories":[136],"tags":[11593,12713,43674,362,93,94],"class_list":["post-115404","post","type-post","status-publish","format-standard","hentry","category-roberto-vizcaino-opinion","tag-demanda","tag-humberto-moreira-valdes","tag-opinion","tag-pri","tag-roberto-vizcaino","tag-tras-la-puerta-del-poder"],"_links":{"self":[{"href":"https:\/\/www.diarioimagen.net\/index.php?rest_route=\/wp\/v2\/posts\/115404","targetHints":{"allow":["GET"]}}],"collection":[{"href":"https:\/\/www.diarioimagen.net\/index.php?rest_route=\/wp\/v2\/posts"}],"about":[{"href":"https:\/\/www.diarioimagen.net\/index.php?rest_route=\/wp\/v2\/types\/post"}],"author":[{"embeddable":true,"href":"https:\/\/www.diarioimagen.net\/index.php?rest_route=\/wp\/v2\/users\/3"}],"replies":[{"embeddable":true,"href":"https:\/\/www.diarioimagen.net\/index.php?rest_route=%2Fwp%2Fv2%2Fcomments&post=115404"}],"version-history":[{"count":0,"href":"https:\/\/www.diarioimagen.net\/index.php?rest_route=\/wp\/v2\/posts\/115404\/revisions"}],"wp:attachment":[{"href":"https:\/\/www.diarioimagen.net\/index.php?rest_route=%2Fwp%2Fv2%2Fmedia&parent=115404"}],"wp:term":[{"taxonomy":"category","embeddable":true,"href":"https:\/\/www.diarioimagen.net\/index.php?rest_route=%2Fwp%2Fv2%2Fcategories&post=115404"},{"taxonomy":"post_tag","embeddable":true,"href":"https:\/\/www.diarioimagen.net\/index.php?rest_route=%2Fwp%2Fv2%2Ftags&post=115404"}],"curies":[{"name":"wp","href":"https:\/\/api.w.org\/{rel}","templated":true}]}}