{"id":115415,"date":"2012-12-19T00:05:57","date_gmt":"2012-12-19T06:05:57","guid":{"rendered":"http:\/\/www.diarioimagen.net\/?p=115415"},"modified":"2012-12-20T01:58:23","modified_gmt":"2012-12-20T07:58:23","slug":"eleccion-veracruzana","status":"publish","type":"post","link":"https:\/\/www.diarioimagen.net\/?p=115415","title":{"rendered":"Elecci\u00f3n veracruzana"},"content":{"rendered":"<h2>De frente y de perfil<\/h2>\n<h5>Ram\u00f3n Zurita Sahag\u00fan<\/h5>\n<p><span><br \/>\nUno de los estados que resultan pol\u00edticamente m\u00e1s atractivos de los 14 que realizar\u00e1n comicios locales el a\u00f1o pr\u00f3ximo es Veracruz, donde se renovar\u00e1n los 212 ayuntamientos y el Congreso local.<\/span><\/p>\n<p>Despu\u00e9s de Baja California, que elegir\u00e1 a gobernador, alcaldes y diputados locales, el proceso electoral de Veracruz resulta el m\u00e1s atrayente, por la importancia que tiene esa entidad en todos los aspectos: econ\u00f3mico, pol\u00edtico y poblacional.<\/p>\n<p>Veracruz es la tercera entidad del pa\u00eds con mayor n\u00famero habitantes, despu\u00e9s del Estado de M\u00e9xico y Distrito Federal y en ella se concentran riquezas, tales como el petr\u00f3leo, la agricultura, industria, turismo y el principal puerto del pa\u00eds.<\/p>\n<p>La disputa por el poder pol\u00edtico es f\u00e9rrea y da cuenta de ello lo cerrado de los recientes comicios, tanto estatales, como federales, donde el PRI se ha mantenido como el principal partido, aunque en algunas ocasiones perdi\u00f3 algunos de los principales ayuntamientos.<\/p>\n<p>Fue bajo la dirigencia estatal pri\u00edsta de Miguel \u00c1ngel Yunes Linares, cuando el PRI perdi\u00f3 sus principales bastiones, incluido el puerto de Veracruz, la capital Xalapa y otros ayuntamientos como C\u00f3rdoba, Orizaba, Tuxpan y Coatzacoalcos.<\/p>\n<p>Y aunque tard\u00f3 varios trienios en recuperar el puerto de Veracruz, los pri\u00edstas se han consolidado en la principal poblaci\u00f3n del estado y por dos trienios consecutivos gobiernan, as\u00ed como las principales ciudades, entre las que se ubican Coatzacoalcos, Minatitl\u00e1n, Poza Rica, C\u00f3rdoba, Tuxpan, Xalapa y la emblem\u00e1tica Boca del R\u00edo.<\/p>\n<p>Esta \u00faltima poblaci\u00f3n se convirti\u00f3 en el centro de la disputa entre pri\u00edstas y panistas, ya que se convirti\u00f3 en el feudo de la familia del ahora panista Miguel \u00c1ngel Yunes Linares.<\/p>\n<p>Fue el pri\u00edsta Salvador Manzur quien rompi\u00f3 con la hegemon\u00eda familiar panista en la zona conurbada de Veracruz y ahora los pri\u00edstas se preparan para mantener en su poder la plaza.<\/p>\n<p>La disputa por el control pol\u00edtico no ser\u00e1 sencilla, aunque los momios arrancan favorablemente para el PRI.<\/p>\n<p>Y es que dentro del PRI se mantiene la cohesi\u00f3n de sus militantes y un liderazgo de sus principales activos, desde el gobernador Javier Duarte de Ochoa, pasando por el presidente del partido, Eric Lagos.<\/p>\n<p>Contrario a ello, dentro de Acci\u00f3n Nacional se muestra una disputa por el control del partido, donde los panistas tradicionales no coinciden en el liderazgo que pretende establecer el ex pri\u00edsta Yunes Linares.<\/p>\n<p>Desde que perdi\u00f3 en las urnas el gobierno del estado, Miguel \u00c1ngel Yunes intent\u00f3 erigirse como el controlador de la franquicia veracruzana del partido blanquiazul.<\/p>\n<p>Apenas, el domingo pasado un grupo respaldado por Miguel \u00c1ngel Yunes Linares estuvo a punto de los golpes con simpatizantes de otro panista, abriendo la posibilidad para que los tricolores sumen m\u00e1s seguidores. Yunes pretende mantener a Domingo Angulo en la dirigencia y sus opositores lo acusan de haber falsificado documentaci\u00f3n para mantenerse en el cargo<\/p>\n<p>Pero si a ello se suma el descontrol que priva dentro del partido a nivel nacional y el decrecimiento de su militancia, se advierte un panorama desolador para el partido que lleg\u00f3 a gobernar en el pasado reciente los principales ayuntamientos del estado.<\/p>\n<p>La situaci\u00f3n para el panismo es complicada por las razones expuestas arriba, aunque la de los partidos de izquierda es todav\u00eda m\u00e1s enredada.<\/p>\n<p>El nacimiento de la corriente obradorista de Morena amenaza con romper la estructura de la izquierda, ya que el nuevo partido se montar\u00eda dentro del Movimiento Ciudadano de Dante Delgado, que en Veracruz tiene una presencia hist\u00f3rica.<\/p>\n<p>De ir juntos los partidos de izquierda, aliados con Morena, podr\u00edan formar un frente interesante, aunque dif\u00edcil de remontar la diferencia que mantiene con el partido tricolor.<\/p>\n<p>Eso s\u00ed, la izquierda podr\u00eda desplazar a Acci\u00f3n Nacional como la segunda fuerza estatal, como ya lo hizo en el pasado reciente.<\/p>\n<p>Los pri\u00edstas saben que manteniendo la unidad de su militancia y realizando una buena selecci\u00f3n de candidatos a los cargos de elecci\u00f3n popular, podr\u00e1n transitar, no sin algunos sustos, con rumbo a la victoria de sus abanderados.<\/p>\n<p>Para los tricolores el reto es grande, aunque los resultados de la pasada contienda electoral federal los posiciona como la primera fuerza estatal, con amplias posibilidades de conservar y hasta ampliar su presencia en municipios y dentro el Congreso del estado.<\/p>\n<p align=\"center\">\u00a0<b>POL\u00cdTICOS, EN PELIGRO<\/b><\/p>\n<p>Los d\u00edas recientes se incrementaron los atentados contrae pol\u00edticos, algunos vigentes y otros en receso, pero que por coincidencia fueron candidatos a cargos de elecci\u00f3n popular en \u00e9pocas recientes.<\/p>\n<p>San Luis Potos\u00ed, Chiapas y Michoac\u00e1n han dado cuenta de este recrudecimiento de la violencia en contra de activos pol\u00edticos, los que sin distingo de partidos o militancia, han sufrido los estragos de la delincuencia.<\/p>\n<p>Ante este panorama, toma mayor importancia el llamado del presidente Pe\u00f1a Nieto para hacer equipo ante el crimen.<\/p>\n<p>La estrategia dise\u00f1ada por el Ejecutivo federal y la aprobaci\u00f3n de los recursos para ese prop\u00f3sito podr\u00e1n contribuir al freno de los actos violentos que no se han detenido con el cambio de sexenio.<\/p>\n<p>Es cierto que la ola delictiva descendi\u00f3, pero no lo suficiente como para mostrar un cambio, pero tambi\u00e9n lo es que la estrategia apenas fue dise\u00f1ada y se requiera de tiempo para que ofrezca resultados.<\/p>\n<p>Por lo pronto, podemos decir que hay actitud, deseos y planificaci\u00f3n para que el pa\u00eds deje de ser ejemplo de la violencia mundial y evitar que muchas familias sufran los estragos de los il\u00edcitos.<\/p>\n<p>Las cifras dadas a conocer por el secretario de Gobernaci\u00f3n, Miguel \u00c1ngel Osorio y el procurador general de la Rep\u00fablica, Jes\u00fas Murillo Karam, son aterradoras.<\/p>\n<p>Por un lado, se multiplicaron los grupos violentos, y por el otro, los asesinatos son la segunda causa de muerte en el pa\u00eds.<\/p>\n<p><em><a href=\"mailto:ramonzurita44@hotmail.com\" target=\"_blank\"><em>ramonzurita44@hotmail.com<br \/>\n<\/em><\/a><\/em><em><a href=\"mailto:zurita_sahagun@hotmail.com\" target=\"_blank\">zurita_sahagun@hotmail.com<\/a><\/em><\/p>\n","protected":false},"excerpt":{"rendered":"<p><span style=\"color: #005497;\"><strong>Ram\u00f3n Zurita Sahag\u00fan<\/strong><\/span><\/p>\n","protected":false},"author":3,"featured_media":0,"comment_status":"open","ping_status":"open","sticky":false,"template":"","format":"standard","meta":{"_monsterinsights_skip_tracking":false,"_monsterinsights_sitenote_active":false,"_monsterinsights_sitenote_note":"","_monsterinsights_sitenote_category":0,"footnotes":""},"categories":[234],"tags":[2255,304,43674,362,43687],"class_list":["post-115415","post","type-post","status-publish","format-standard","hentry","category-ramon-zurita-sahagun","tag-congreso-de-la-union","tag-de-frente-y-de-perfil","tag-opinion","tag-pri","tag-ramon-zurita-sahagun"],"_links":{"self":[{"href":"https:\/\/www.diarioimagen.net\/index.php?rest_route=\/wp\/v2\/posts\/115415","targetHints":{"allow":["GET"]}}],"collection":[{"href":"https:\/\/www.diarioimagen.net\/index.php?rest_route=\/wp\/v2\/posts"}],"about":[{"href":"https:\/\/www.diarioimagen.net\/index.php?rest_route=\/wp\/v2\/types\/post"}],"author":[{"embeddable":true,"href":"https:\/\/www.diarioimagen.net\/index.php?rest_route=\/wp\/v2\/users\/3"}],"replies":[{"embeddable":true,"href":"https:\/\/www.diarioimagen.net\/index.php?rest_route=%2Fwp%2Fv2%2Fcomments&post=115415"}],"version-history":[{"count":0,"href":"https:\/\/www.diarioimagen.net\/index.php?rest_route=\/wp\/v2\/posts\/115415\/revisions"}],"wp:attachment":[{"href":"https:\/\/www.diarioimagen.net\/index.php?rest_route=%2Fwp%2Fv2%2Fmedia&parent=115415"}],"wp:term":[{"taxonomy":"category","embeddable":true,"href":"https:\/\/www.diarioimagen.net\/index.php?rest_route=%2Fwp%2Fv2%2Fcategories&post=115415"},{"taxonomy":"post_tag","embeddable":true,"href":"https:\/\/www.diarioimagen.net\/index.php?rest_route=%2Fwp%2Fv2%2Ftags&post=115415"}],"curies":[{"name":"wp","href":"https:\/\/api.w.org\/{rel}","templated":true}]}}