{"id":115435,"date":"2012-12-19T00:01:25","date_gmt":"2012-12-19T06:01:25","guid":{"rendered":"http:\/\/www.diarioimagen.net\/?p=115435"},"modified":"2012-12-20T02:35:08","modified_gmt":"2012-12-20T08:35:08","slug":"estuvo-genial-la-guerra","status":"publish","type":"post","link":"https:\/\/www.diarioimagen.net\/?p=115435","title":{"rendered":"Estuvo genial la guerra"},"content":{"rendered":"<h2>Pol\u00edtica Spot<\/h2>\n<h5>Juan Manuel Maga\u00f1a<\/h5>\n<p><span><br \/>\n\u00a1Sorpresa! Que de cuatro o cinco c\u00e1rteles que hab\u00eda en M\u00e9xico ahora ya hay entre 60 u 80. \u00bfY eso es bueno, malo o peor a\u00fan?<\/span><\/p>\n<p>No parece ser bueno desde el momento en que el nuevo procurador Jes\u00fas Murillo Karam, respecto de la guerra de Calder\u00f3n, asegura: \u201cYo s\u00ed creo que falt\u00f3 sentarse y planear de otra manera, pero cuando se es gobierno se tienen que tomar decisiones\u201d.<\/p>\n<p>Murillo explic\u00f3 en una entrevista que la estrategia de combate al narcotr\u00e1fico que aplic\u00f3 Calder\u00f3n provoc\u00f3 la pulverizaci\u00f3n de las principales agrupaciones criminales que operan en el pa\u00eds desde hace por lo menos tres d\u00e9cadas. Que eso fue todo.<\/p>\n<p>Y ahora \u00e9l calcula que hay entre 60 u 80 c\u00e1rteles \u201centre medianos y chicos\u201d que se han desprendido de los principales c\u00e1rteles que operan en M\u00e9xico, entre ellos el de Sinaloa, de los hermanos Beltr\u00e1n Leyva, de la Familia Michoacana, los Zetas y el Golfo.<\/p>\n<p>O sea que lo de Calder\u00f3n -seg\u00fan Murillo-, \u00fanicamente se enfoc\u00f3 a \u201cdescabezar\u201d a las estructuras criminales, adem\u00e1s de que hubo descoordinaci\u00f3n entre los \u00f3rganos de seguridad p\u00fablica, lo que propici\u00f3 la mentada pulverizaci\u00f3n. Murillo habla con suavidad, pero lo que dice tiene un trasfondo bastante monstruoso.<\/p>\n<p>\u00bfAcaso no deber\u00eda ser castigado alguien del sexenio anterior por semejante ocultamiento?<\/p>\n<p>\u00bfPor desinformar a un pa\u00eds para aferrarse a una insensatez que s\u00f3lo revolvi\u00f3 m\u00e1s el caos?<\/p>\n<p>\u00bfPor la genial guerra con su genial resultado? \u00bfAcaso un general que ofrece semejantes resultados no deber\u00eda ser llamado a cuentas? \u00bfPor qu\u00e9 no fue parada esa absurda guerra a medio sexenio como para que el pa\u00eds se ahorrara 50 mil muertos?<\/p>\n<p>El nuevo procurador tambi\u00e9n luce algo laxo cuando dice que lo anterior estuvo mal, pero que \u201ccuando se es gobierno se toman decisiones\u201d.<\/p>\n<p>\u00bfPues qu\u00e9 un gobierno est\u00e1 exceptuado de las leyes y puede as\u00ed, con sus decisiones, dejar un reguero de muertos sin la menor consecuencia, m\u00e1s all\u00e1 de la derrota electoral?<\/p>\n<p>Y est\u00e1 la otra cuesti\u00f3n de c\u00f3mo un gobierno puede ser y hacer, como dice Murillo, por el hecho de que cuenta con la incondicionalidad de grandes medios que no hacen m\u00e1s que ayudarle a tapar las cosas, y no s\u00f3lo con propaganda oficial, para que la sociedad alucine un realidad fant\u00e1stica.<\/p>\n<p>Murillo tampoco pone en claro una gran cuesti\u00f3n: \u00bfa qui\u00e9n benefici\u00f3 realmente esa pulverizaci\u00f3n de los c\u00e1rteles si se parte de la hip\u00f3tesis, o de fundadas sospechas, de que Calder\u00f3n favoreci\u00f3 al del Chapo Guzm\u00e1n?<\/p>\n<p>Y tampoco parece estar preparado para el reclamo de informaci\u00f3n que se le vendr\u00e1 encima por tanto muerto y desaparecido. Para ello no le va a alcanzar con decir que hered\u00f3 una PGR desmantelada y sin datos.<\/p>\n<p>Como sea, las nuevas malas comienzan a salir.<\/p>\n<p>Y surge como realidad algo sumamente distinto a la costosa campa\u00f1a de imagen que Calder\u00f3n pag\u00f3 para decirle adi\u00f3s al hueso.<\/p>\n<p>Por lo pronto ah\u00ed queda la primera gran duda: ahora que son 60 u 80 c\u00e1rteles, \u00bfa esos c\u00f3mo se les combate, t\u00fa?<\/p>\n<p>Porque todos comen. Tienen que comer. Son parte de nuestra econom\u00eda informal creada y expandida tambi\u00e9n en los \u00faltimos 30 a\u00f1os.<\/p>\n<p><em><a href=\"mailto: maganapalace@yahoo.com.mx\" target=\"_blank\">maganapalace@yahoo.com.mx<\/a><\/em><\/p>\n","protected":false},"excerpt":{"rendered":"<p><span style=\"color: #005497;\"><strong>Juan Manuel Maga\u00f1a<\/strong><\/span><\/p>\n","protected":false},"author":3,"featured_media":0,"comment_status":"open","ping_status":"open","sticky":false,"template":"","format":"standard","meta":{"_monsterinsights_skip_tracking":false,"_monsterinsights_sitenote_active":false,"_monsterinsights_sitenote_note":"","_monsterinsights_sitenote_category":0,"footnotes":""},"categories":[22905],"tags":[5428,43709,44,43674,22904],"class_list":["post-115435","post","type-post","status-publish","format-standard","hentry","category-juan-manuel-magana","tag-jesus-murillo-karam","tag-juan-manuel-magana","tag-mexico","tag-opinion","tag-politica-spot"],"_links":{"self":[{"href":"https:\/\/www.diarioimagen.net\/index.php?rest_route=\/wp\/v2\/posts\/115435","targetHints":{"allow":["GET"]}}],"collection":[{"href":"https:\/\/www.diarioimagen.net\/index.php?rest_route=\/wp\/v2\/posts"}],"about":[{"href":"https:\/\/www.diarioimagen.net\/index.php?rest_route=\/wp\/v2\/types\/post"}],"author":[{"embeddable":true,"href":"https:\/\/www.diarioimagen.net\/index.php?rest_route=\/wp\/v2\/users\/3"}],"replies":[{"embeddable":true,"href":"https:\/\/www.diarioimagen.net\/index.php?rest_route=%2Fwp%2Fv2%2Fcomments&post=115435"}],"version-history":[{"count":0,"href":"https:\/\/www.diarioimagen.net\/index.php?rest_route=\/wp\/v2\/posts\/115435\/revisions"}],"wp:attachment":[{"href":"https:\/\/www.diarioimagen.net\/index.php?rest_route=%2Fwp%2Fv2%2Fmedia&parent=115435"}],"wp:term":[{"taxonomy":"category","embeddable":true,"href":"https:\/\/www.diarioimagen.net\/index.php?rest_route=%2Fwp%2Fv2%2Fcategories&post=115435"},{"taxonomy":"post_tag","embeddable":true,"href":"https:\/\/www.diarioimagen.net\/index.php?rest_route=%2Fwp%2Fv2%2Ftags&post=115435"}],"curies":[{"name":"wp","href":"https:\/\/api.w.org\/{rel}","templated":true}]}}