{"id":115455,"date":"2012-12-19T00:04:51","date_gmt":"2012-12-19T06:04:51","guid":{"rendered":"http:\/\/www.diarioimagen.net\/?p=115455"},"modified":"2012-12-20T04:33:52","modified_gmt":"2012-12-20T10:33:52","slug":"en-el-pais-operan-entre-60-y-80-carteles-de-la-droga-pgr","status":"publish","type":"post","link":"https:\/\/www.diarioimagen.net\/?p=115455","title":{"rendered":"En el pa\u00eds operan entre 60 y 80 c\u00e1rteles de la droga: PGR"},"content":{"rendered":"<ul>\n<li><strong><em>La delincuencia se fragment\u00f3<\/em><\/strong><\/li>\n<\/ul>\n<div id=\"attachment_115516\" style=\"width: 250px\" class=\"wp-caption alignleft\"><a href=\"http:\/\/www.diarioimagen.net\/wp-content\/uploads\/2012\/12\/MURILLO-2005.jpg\"><img loading=\"lazy\" decoding=\"async\" aria-describedby=\"caption-attachment-115516\" class=\"size-medium wp-image-115516\" alt=\"El procurador general de la Rep\u00fablica, Jes\u00fas Murillo Karam, habl\u00f3 ayer sobre el estado en que encontr\u00f3a la dependencia.\" src=\"http:\/\/www.diarioimagen.net\/wp-content\/uploads\/2012\/12\/MURILLO-2005-240x135.jpg\" width=\"240\" height=\"135\" \/><\/a><p id=\"caption-attachment-115516\" class=\"wp-caption-text\">El procurador general de la Rep\u00fablica, Jes\u00fas Murillo Karam, habl\u00f3 ayer sobre el estado en que encontr\u00f3a la dependencia.<\/p><\/div>\n<p>El titular de la PGR, Jes\u00fas Murillo Karam, asegur\u00f3 que las labores de inteligencia ser\u00e1n clave en el combate a un crimen organizado que se pulveriz\u00f3 en los \u00faltimos a\u00f1os hasta el punto de que hoy existen \u201centre 60 y 80 c\u00e1rteles de las drogas\u201d, peque\u00f1os y medianos.<\/p>\n<p>La estrategia del gobierno de Felipe Calder\u00f3n se enfoc\u00f3 en las cabezas, pero no atac\u00f3 de ra\u00edz a los grupos criminales, lo que gener\u00f3 que los segundos, generalmente m\u00e1s violentos, ascendieran o crearan otras organizaciones que extendieron sus actividades a una \u201ccantidad enorme de delitos\u201d, dijo en entrevista radiof\u00f3nica.<\/p>\n<p>Adem\u00e1s de los grandes c\u00e1rteles como el de Sinaloa, del Golfo y <i>Los Zetas<\/i>, el nuevo titular de la Procuradur\u00eda General de la Rep\u00fablica (PGR, fiscal\u00eda) calcul\u00f3 entre 60 y 80 las organizaciones criminales peque\u00f1as y medianas que en la actualidad hay en el pa\u00eds.<\/p>\n<p>\u201cEstamos identificando geogr\u00e1ficamente su zona de influencia\u201d y por eso es que el presidente Enrique Pe\u00f1a Nieto modific\u00f3 la pol\u00edtica de seguridad con un enfoque regional \u201cpara poder tener una estrategia m\u00e1s concentrada\u201d, basada en inteligencia y objetivos claros, indic\u00f3.<\/p>\n<p>Consider\u00f3 \u201curgente crear un sistema de inteligencia que permita combatirlos\u201d con instrumentos m\u00e1s modernos, m\u00e1s tecnolog\u00eda y ciencia, as\u00ed como asegurar el control del territorio nacional y darle certeza a la ciudadan\u00eda de que est\u00e1 siendo protegida.<\/p>\n<p>Ello permitir\u00e1 no s\u00f3lo detener a los criminales, sino integrar mejor la investigaci\u00f3n y llevarlos \u201cadecuadamente\u201d ante la justicia \u201cpara que la impunidad no siga creciendo\u201d, apunt\u00f3 el fiscal, convencido de que la \u00fanica forma de resolver el conflicto es ir hasta el fondo y actuar con \u201ctoda la firmeza\u201d y voluntad.<\/p>\n<p>En la nueva estrategia tambi\u00e9n consider\u00f3 fundamental tener instituciones cre\u00edbles, confiables, transparentes, que act\u00faen apegadas a la ley.<\/p>\n<p>Adem\u00e1s, defendi\u00f3 las nuevas facultades de la Secretar\u00eda de Gobernaci\u00f3n, que le permitir\u00e1n concentrar \u201cla capacidad de planeaci\u00f3n y de coordinaci\u00f3n\u201d en materia de seguridad, algo que en su opini\u00f3n falt\u00f3 en la administraci\u00f3n de Calder\u00f3n.<\/p>\n<p>Murillo Karam consider\u00f3 que al gobierno anterior (2006-2012) le falt\u00f3 \u201csentarse, planear y actuar de otra manera\u201d en materia de seguridad\u201d.<\/p>\n","protected":false},"excerpt":{"rendered":"<p>El titular de la PGR, Jes\u00fas Murillo Karam, asegur\u00f3 que las labores de inteligencia ser\u00e1n clave en el combate a un crimen organizado que se pulveriz\u00f3 en los \u00faltimos a\u00f1os hasta el punto de que hoy existen \u201centre 60 y 80 c\u00e1rteles de las drogas\u201d, peque\u00f1os y medianos.<\/p>\n","protected":false},"author":3,"featured_media":0,"comment_status":"open","ping_status":"open","sticky":false,"template":"","format":"standard","meta":{"_monsterinsights_skip_tracking":false,"_monsterinsights_sitenote_active":false,"_monsterinsights_sitenote_note":"","_monsterinsights_sitenote_category":0,"footnotes":""},"categories":[17,3],"tags":[3865,265,5428,1073,232],"class_list":["post-115455","post","type-post","status-publish","format-standard","hentry","category-especiales","category-nacional","tag-carteles","tag-drogas","tag-jesus-murillo-karam","tag-los-zetas","tag-pgr"],"_links":{"self":[{"href":"https:\/\/www.diarioimagen.net\/index.php?rest_route=\/wp\/v2\/posts\/115455","targetHints":{"allow":["GET"]}}],"collection":[{"href":"https:\/\/www.diarioimagen.net\/index.php?rest_route=\/wp\/v2\/posts"}],"about":[{"href":"https:\/\/www.diarioimagen.net\/index.php?rest_route=\/wp\/v2\/types\/post"}],"author":[{"embeddable":true,"href":"https:\/\/www.diarioimagen.net\/index.php?rest_route=\/wp\/v2\/users\/3"}],"replies":[{"embeddable":true,"href":"https:\/\/www.diarioimagen.net\/index.php?rest_route=%2Fwp%2Fv2%2Fcomments&post=115455"}],"version-history":[{"count":0,"href":"https:\/\/www.diarioimagen.net\/index.php?rest_route=\/wp\/v2\/posts\/115455\/revisions"}],"wp:attachment":[{"href":"https:\/\/www.diarioimagen.net\/index.php?rest_route=%2Fwp%2Fv2%2Fmedia&parent=115455"}],"wp:term":[{"taxonomy":"category","embeddable":true,"href":"https:\/\/www.diarioimagen.net\/index.php?rest_route=%2Fwp%2Fv2%2Fcategories&post=115455"},{"taxonomy":"post_tag","embeddable":true,"href":"https:\/\/www.diarioimagen.net\/index.php?rest_route=%2Fwp%2Fv2%2Ftags&post=115455"}],"curies":[{"name":"wp","href":"https:\/\/api.w.org\/{rel}","templated":true}]}}