{"id":115597,"date":"2012-12-20T00:01:11","date_gmt":"2012-12-20T06:01:11","guid":{"rendered":"http:\/\/www.diarioimagen.net\/?p=115597"},"modified":"2012-12-21T07:43:49","modified_gmt":"2012-12-21T13:43:49","slug":"mancera-descarta-aumento-de-impuestos-para-el-2013","status":"publish","type":"post","link":"https:\/\/www.diarioimagen.net\/?p=115597","title":{"rendered":"Mancera descarta aumento de impuestos para el 2013"},"content":{"rendered":"<ul>\n<li><strong><em>El jefe de gobierno del Distrito Federal afirma que se buscar\u00e1n otras fuentes de financiamiento, como la inversi\u00f3n<\/em><\/strong><\/li>\n<\/ul>\n<div id=\"attachment_115677\" style=\"width: 250px\" class=\"wp-caption alignleft\"><a href=\"http:\/\/www.diarioimagen.net\/wp-content\/uploads\/2012\/12\/mancera-2006.jpg\"><img loading=\"lazy\" decoding=\"async\" aria-describedby=\"caption-attachment-115677\" class=\"size-medium wp-image-115677\" alt=\"El jefe de gobierno del DF, Miguel \u00c1ngel Mancera, descart\u00f3 todo incremento a los impuestos el a\u00f1o pr\u00f3ximo.\" src=\"http:\/\/www.diarioimagen.net\/wp-content\/uploads\/2012\/12\/mancera-2006-240x135.jpg\" width=\"240\" height=\"135\" \/><\/a><p id=\"caption-attachment-115677\" class=\"wp-caption-text\">El jefe de gobierno del DF, Miguel \u00c1ngel Mancera, descart\u00f3 todo incremento a los impuestos el a\u00f1o pr\u00f3ximo.<\/p><\/div>\n<p>El jefe de gobierno del Distrito Federal, Miguel \u00c1ngel Mancera, anunci\u00f3 que para 2013 no se prev\u00e9 el aumento de impuestos para los habitantes de la ciudad de M\u00e9xico e inform\u00f3 que se buscar\u00e1n otras formas de financiamiento, como la inversi\u00f3n.<\/p>\n<p>En conferencia de prensa luego de reunirse con diputados de la bancada del Partido de la Revoluci\u00f3n Democr\u00e1tica (PRD), puntualiz\u00f3 que el presupuesto que ejercer\u00e1 el gobierno del Distrito Federal ser\u00e1 responsable y solidario con las delegaciones.<\/p>\n<p>Inform\u00f3 que la propuesta que analizar\u00e1 la Asamblea Legislativa del Distrito Federal (ALDF) pr\u00f3ximamente ser\u00e1 de 142 mil millones de pesos, estim\u00f3 un techo de endeudamiento de 61 mil millones de pesos, es decir, unos 5 mil millones m\u00e1s de lo que fue en 2012.<\/p>\n<p>Es decir, el c\u00e1lculo que se ha hecho es con base en 56 mil millones que se ten\u00edan y si se llega con este nuevo ejercicio de techo se llegar\u00eda a los 61 mil millones.<\/p>\n<p>\u201cEstamos trabajando con el tema del presupuesto precisamente el motivo de mi presencia aqu\u00ed es para agradecer a las y los diputados el trabajo realizado a fin de poder contribuir a la conformaci\u00f3n del presupuesto de la ciudad de M\u00e9xico\u201d.<\/p>\n<p>El jefe de la ciudad mencion\u00f3 que se tuvo un encuentro previo con el titular de la Secretar\u00eda de Hacienda y Cr\u00e9dito P\u00fablico (SHCP), Luis Videgaray, en el que se detallaron necesidades de la capital del pa\u00eds, por lo que afirm\u00f3 que se va en la ruta de un presupuesto inercial y se presentar\u00e1 un presupuesto responsable y solidario con las delegaciones.<\/p>\n<p>&nbsp;<\/p>\n","protected":false},"excerpt":{"rendered":"<p>El jefe de gobierno del Distrito Federal, Miguel \u00c1ngel Mancera, anunci\u00f3 que para 2013 no se prev\u00e9 el aumento de impuestos para los habitantes de la ciudad de M\u00e9xico e inform\u00f3 que se buscar\u00e1n otras formas de financiamiento, como la inversi\u00f3n.<\/p>\n","protected":false},"author":3,"featured_media":0,"comment_status":"open","ping_status":"open","sticky":false,"template":"","format":"standard","meta":{"_monsterinsights_skip_tracking":false,"_monsterinsights_sitenote_active":false,"_monsterinsights_sitenote_note":"","_monsterinsights_sitenote_category":0,"footnotes":""},"categories":[17,6],"tags":[212,204,6915,44,5314],"class_list":["post-115597","post","type-post","status-publish","format-standard","hentry","category-especiales","category-cd-de-mexico","tag-asamblea-legislativa-del-distrito-federal","tag-ciudad-de-mexico","tag-impuestos","tag-mexico","tag-miguel-angel-mancera-espinosa"],"_links":{"self":[{"href":"https:\/\/www.diarioimagen.net\/index.php?rest_route=\/wp\/v2\/posts\/115597","targetHints":{"allow":["GET"]}}],"collection":[{"href":"https:\/\/www.diarioimagen.net\/index.php?rest_route=\/wp\/v2\/posts"}],"about":[{"href":"https:\/\/www.diarioimagen.net\/index.php?rest_route=\/wp\/v2\/types\/post"}],"author":[{"embeddable":true,"href":"https:\/\/www.diarioimagen.net\/index.php?rest_route=\/wp\/v2\/users\/3"}],"replies":[{"embeddable":true,"href":"https:\/\/www.diarioimagen.net\/index.php?rest_route=%2Fwp%2Fv2%2Fcomments&post=115597"}],"version-history":[{"count":0,"href":"https:\/\/www.diarioimagen.net\/index.php?rest_route=\/wp\/v2\/posts\/115597\/revisions"}],"wp:attachment":[{"href":"https:\/\/www.diarioimagen.net\/index.php?rest_route=%2Fwp%2Fv2%2Fmedia&parent=115597"}],"wp:term":[{"taxonomy":"category","embeddable":true,"href":"https:\/\/www.diarioimagen.net\/index.php?rest_route=%2Fwp%2Fv2%2Fcategories&post=115597"},{"taxonomy":"post_tag","embeddable":true,"href":"https:\/\/www.diarioimagen.net\/index.php?rest_route=%2Fwp%2Fv2%2Ftags&post=115597"}],"curies":[{"name":"wp","href":"https:\/\/api.w.org\/{rel}","templated":true}]}}