{"id":115631,"date":"2012-12-20T00:04:22","date_gmt":"2012-12-20T06:04:22","guid":{"rendered":"http:\/\/www.diarioimagen.net\/?p=115631"},"modified":"2012-12-21T07:44:10","modified_gmt":"2012-12-21T13:44:10","slug":"satelite-reducira-la-brecha-digital-dice-ruiz-esparza","status":"publish","type":"post","link":"https:\/\/www.diarioimagen.net\/?p=115631","title":{"rendered":"Sat\u00e9lite reducir\u00e1 la brecha digital, dice Ruiz Esparza"},"content":{"rendered":"<ul>\n<li><strong><em>El aparato lanzado ayer desde la Guyana Francesa proporcionar\u00e1 servicios de telecomunicaciones a diversas comunidades marginadas del pa\u00eds<\/em><\/strong><\/li>\n<\/ul>\n<div id=\"attachment_115668\" style=\"width: 250px\" class=\"wp-caption alignleft\"><a href=\"http:\/\/www.diarioimagen.net\/wp-content\/uploads\/2012\/12\/satelite-2006.jpg\"><img loading=\"lazy\" decoding=\"async\" aria-describedby=\"caption-attachment-115668\" class=\"size-medium wp-image-115668\" alt=\"El sat\u00e9lite Bicentenario fue lanzado ayer y permitir\u00e1 reducir la brecha digital entre comunidades y regiones.\" src=\"http:\/\/www.diarioimagen.net\/wp-content\/uploads\/2012\/12\/satelite-2006-240x135.jpg\" width=\"240\" height=\"135\" \/><\/a><p id=\"caption-attachment-115668\" class=\"wp-caption-text\">El sat\u00e9lite Bicentenario fue lanzado ayer y permitir\u00e1 reducir la brecha digital entre comunidades y regiones.<\/p><\/div>\n<p>El titular de la Secretar\u00eda de Comunicaciones y Transportes (SCT), Gerardo Ruiz Esparza, asegur\u00f3 que el sat\u00e9lite Bicentenario permitir\u00e1 reducir la brecha digital, que es una de las formas actuales de la desigualdad entre personas, comunidades y regiones.<\/p>\n<p>En el marco del lanzamiento del cohete que transporta dicho aparato desde Kourou, Guyana Francesa, el funcionario dijo tambi\u00e9n que se proporcionar\u00e1n servicios de telecomunicaciones a diversas comunidades a las que no es posible enlazar por otra v\u00eda que no sea la tecnolog\u00eda satelital.<\/p>\n<p>\u201cSer\u00e1 una herramienta de primer orden para reducir la llamada brecha digital; de igual manera ampliar\u00e1 las capacidades para la prestaci\u00f3n de servicios de banda ancha\u201d, explic\u00f3.<\/p>\n<p>Ahora el pa\u00eds contar\u00e1 con la tecnolog\u00eda m\u00e1s avanzada del mundo para la implementaci\u00f3n de plataformas informativas y bases de datos que se utilizar\u00e1n para el fortalecer la seguridad nacional.<\/p>\n<p>Ruiz Esparza record\u00f3 que el proyecto completo, es decir, el Sistema Satelital Mexsat, es el m\u00e1s importante en su tipo que se ha puesto en marcha en M\u00e9xico, ya que con \u00e9l se remplazar\u00e1n a los sat\u00e9lites del sistema Morelos.<\/p>\n<p>En punto de las 15:48 horas de ayer mi\u00e9rcoles, a trav\u00e9s de un cohete despeg\u00f3 el primero de los tres sat\u00e9lites del sistema Mexsat, desde Kourou, Guyana Francesa, siendo el proyecto de comunicaci\u00f3n m\u00e1s importante en la historia de M\u00e9xico.<\/p>\n<p>Dicho sistema est\u00e1 formado por un sat\u00e9lite de comunicaci\u00f3n fija, llamado Bicentenario, dos sat\u00e9lites de comunicaci\u00f3n m\u00f3vil, llamados Centenario y Morelos III, y dos Centros de Control y Comunicaciones, estos \u00faltimos ser\u00e1n lanzados entre 2013 y 2014.<\/p>\n<p>Con este sistema se prestar\u00e1n servicios de telefon\u00eda, banda ancha, telemedicina, tele educaci\u00f3n, apoyo en emergencias, comunicaciones para la seguridad nacional y combate al crimen.<\/p>\n<p>Adem\u00e1s, cuenta con capacidad para impulsar programas de conectividad digital a fin de reducir la brecha tecnol\u00f3gica entre las comunidades rurales y las zonas urbanas del pa\u00eds y brindar igualdad de oportunidades de acceso a la informaci\u00f3n.<\/p>\n<p>El sat\u00e9lite Bicentenario ser\u00e1 operado y monitoreado las 24 horas los 365 d\u00edas del a\u00f1o en M\u00e9xico por ingenieros mexicanos, y requiri\u00f3 una inversi\u00f3n total de mil 600 millones de d\u00f3lares.<\/p>\n<p>El ex subsecretario de Comunicaciones de la SCT, H\u00e9ctor Olavarr\u00eda, expuso a trav\u00e9s de su cuenta de Twitter que tras el lanzamiento del sat\u00e9lite \u201cen aproximadamente 30 minutos sabremos de su llegada a \u00f3rbita de transferencia y en cinco d\u00edas pruebas definitivas\u201d.<\/p>\n<p><b>\u00a0<\/b><\/p>\n","protected":false},"excerpt":{"rendered":"<p>El titular de la Secretar\u00eda de Comunicaciones y Transportes (SCT), Gerardo Ruiz Esparza, asegur\u00f3 que el sat\u00e9lite Bicentenario permitir\u00e1 reducir la brecha digital, que es una de las formas actuales de la desigualdad entre personas, comunidades y regiones.<\/p>\n","protected":false},"author":3,"featured_media":0,"comment_status":"open","ping_status":"open","sticky":false,"template":"","format":"standard","meta":{"_monsterinsights_skip_tracking":false,"_monsterinsights_sitenote_active":false,"_monsterinsights_sitenote_note":"","_monsterinsights_sitenote_category":0,"footnotes":""},"categories":[17,3],"tags":[1578,44,43673,13136,347,1669],"class_list":["post-115631","post","type-post","status-publish","format-standard","hentry","category-especiales","category-nacional","tag-gerardo-ruiz-esparza","tag-mexico","tag-nacional","tag-satelite","tag-sct","tag-secretaria-de-comunicaciones-y-transportes"],"_links":{"self":[{"href":"https:\/\/www.diarioimagen.net\/index.php?rest_route=\/wp\/v2\/posts\/115631","targetHints":{"allow":["GET"]}}],"collection":[{"href":"https:\/\/www.diarioimagen.net\/index.php?rest_route=\/wp\/v2\/posts"}],"about":[{"href":"https:\/\/www.diarioimagen.net\/index.php?rest_route=\/wp\/v2\/types\/post"}],"author":[{"embeddable":true,"href":"https:\/\/www.diarioimagen.net\/index.php?rest_route=\/wp\/v2\/users\/3"}],"replies":[{"embeddable":true,"href":"https:\/\/www.diarioimagen.net\/index.php?rest_route=%2Fwp%2Fv2%2Fcomments&post=115631"}],"version-history":[{"count":0,"href":"https:\/\/www.diarioimagen.net\/index.php?rest_route=\/wp\/v2\/posts\/115631\/revisions"}],"wp:attachment":[{"href":"https:\/\/www.diarioimagen.net\/index.php?rest_route=%2Fwp%2Fv2%2Fmedia&parent=115631"}],"wp:term":[{"taxonomy":"category","embeddable":true,"href":"https:\/\/www.diarioimagen.net\/index.php?rest_route=%2Fwp%2Fv2%2Fcategories&post=115631"},{"taxonomy":"post_tag","embeddable":true,"href":"https:\/\/www.diarioimagen.net\/index.php?rest_route=%2Fwp%2Fv2%2Ftags&post=115631"}],"curies":[{"name":"wp","href":"https:\/\/api.w.org\/{rel}","templated":true}]}}