{"id":115654,"date":"2012-12-20T00:02:50","date_gmt":"2012-12-20T06:02:50","guid":{"rendered":"http:\/\/www.diarioimagen.net\/?p=115654"},"modified":"2012-12-21T07:43:56","modified_gmt":"2012-12-21T13:43:56","slug":"carambola-deja-tres-muertos-en-la-via-mexico-queretaro","status":"publish","type":"post","link":"https:\/\/www.diarioimagen.net\/?p=115654","title":{"rendered":"Carambola deja tres muertos en la v\u00eda M\u00e9xico-Quer\u00e9taro"},"content":{"rendered":"<ul>\n<li><strong><em>Reportan 14 lesionados<\/em><\/strong><\/li>\n<\/ul>\n<div id=\"attachment_115685\" style=\"width: 250px\" class=\"wp-caption alignleft\"><a href=\"http:\/\/www.diarioimagen.net\/wp-content\/uploads\/2012\/12\/carambola-2006.jpg\"><img loading=\"lazy\" decoding=\"async\" aria-describedby=\"caption-attachment-115685\" class=\"size-medium wp-image-115685\" alt=\"Un cami\u00f3n cargado de mermelada tir\u00f3 su flete sobre el asfalto para convertirlo en mantequilla y originar la carambola\" src=\"http:\/\/www.diarioimagen.net\/wp-content\/uploads\/2012\/12\/carambola-2006-240x135.jpg\" width=\"240\" height=\"135\" \/><\/a><p id=\"caption-attachment-115685\" class=\"wp-caption-text\">Un cami\u00f3n cargado de mermelada tir\u00f3 su flete sobre el asfalto para convertirlo en mantequilla y originar la carambola<\/p><\/div>\n<p>Tepeji del R\u00edo, Hidalgo.- Tres personas fallecieron y 14 m\u00e1s resultaron heridas en un accidente ocurrido en la autopista M\u00e9xico- Quer\u00e9taro, informaron fuentes oficiales.<\/p>\n<p>El accidente se produjo a las 12:15 hora local a la altura del kil\u00f3metro 85 de la autopista M\u00e9xico-Quer\u00e9taro y en \u00e9l se vieron implicados 17 veh\u00edculos, entre ellos un cami\u00f3n que transportaba melaza, que fue el que origin\u00f3 el suceso.<\/p>\n<p>El delegado de Caminos y Puentes Federales (Capufe) en Quer\u00e9taro, Roberto Alfonso L\u00f3pez, explic\u00f3 que el cami\u00f3n iba con exceso de velocidad, perdi\u00f3 el control, se salt\u00f3 la barrera central y pas\u00f3 al carril contrario, colisionando con varios veh\u00edculos de frente.<\/p>\n<p>Esta autopista tuvo que estar cerrada durante horas y ya se abri\u00f3 uno de los carriles, mientras que en el otro contin\u00faan las labores de limpieza.<\/p>\n<p>&nbsp;<\/p>\n","protected":false},"excerpt":{"rendered":"<p> Tres personas fallecieron y 14 m\u00e1s resultaron heridas en un accidente ocurrido en la autopista M\u00e9xico- Quer\u00e9taro, informaron fuentes oficiales. El accidente se produjo a las 12:15 hora local a la altura del kil\u00f3metro 85 de la autopista M\u00e9xico-Quer\u00e9taro y en \u00e9l se vieron implicados 17 veh\u00edculos, entre ellos un cami\u00f3n que transportaba melaza, que fue el que origin\u00f3 el suceso.<\/p>\n","protected":false},"author":3,"featured_media":0,"comment_status":"open","ping_status":"open","sticky":false,"template":"","format":"standard","meta":{"_monsterinsights_skip_tracking":false,"_monsterinsights_sitenote_active":false,"_monsterinsights_sitenote_note":"","_monsterinsights_sitenote_category":0,"footnotes":""},"categories":[17,7],"tags":[7941,42,44,2135,47],"class_list":["post-115654","post","type-post","status-publish","format-standard","hentry","category-especiales","category-seguridad","tag-carambola","tag-hidalgo","tag-mexico","tag-muertos","tag-queretaro"],"_links":{"self":[{"href":"https:\/\/www.diarioimagen.net\/index.php?rest_route=\/wp\/v2\/posts\/115654","targetHints":{"allow":["GET"]}}],"collection":[{"href":"https:\/\/www.diarioimagen.net\/index.php?rest_route=\/wp\/v2\/posts"}],"about":[{"href":"https:\/\/www.diarioimagen.net\/index.php?rest_route=\/wp\/v2\/types\/post"}],"author":[{"embeddable":true,"href":"https:\/\/www.diarioimagen.net\/index.php?rest_route=\/wp\/v2\/users\/3"}],"replies":[{"embeddable":true,"href":"https:\/\/www.diarioimagen.net\/index.php?rest_route=%2Fwp%2Fv2%2Fcomments&post=115654"}],"version-history":[{"count":0,"href":"https:\/\/www.diarioimagen.net\/index.php?rest_route=\/wp\/v2\/posts\/115654\/revisions"}],"wp:attachment":[{"href":"https:\/\/www.diarioimagen.net\/index.php?rest_route=%2Fwp%2Fv2%2Fmedia&parent=115654"}],"wp:term":[{"taxonomy":"category","embeddable":true,"href":"https:\/\/www.diarioimagen.net\/index.php?rest_route=%2Fwp%2Fv2%2Fcategories&post=115654"},{"taxonomy":"post_tag","embeddable":true,"href":"https:\/\/www.diarioimagen.net\/index.php?rest_route=%2Fwp%2Fv2%2Ftags&post=115654"}],"curies":[{"name":"wp","href":"https:\/\/api.w.org\/{rel}","templated":true}]}}