{"id":115746,"date":"2012-12-21T00:05:07","date_gmt":"2012-12-21T06:05:07","guid":{"rendered":"http:\/\/www.diarioimagen.net\/?p=115746"},"modified":"2013-01-07T02:03:30","modified_gmt":"2013-01-07T08:03:30","slug":"gozamos-de-plena-libertad-religiosa-eruviel-avila","status":"publish","type":"post","link":"https:\/\/www.diarioimagen.net\/?p=115746","title":{"rendered":"Gozamos de plena libertad religiosa: Eruviel \u00c1vila"},"content":{"rendered":"<h2>Arco Norte<\/h2>\n<h5>Jos\u00e9 Luis Monta\u00f1ez Aguilar<\/h5>\n<p>&nbsp;<\/p>\n<ul>\n<li><em><strong>Tomamos vacaciones y nos leemos nuevamente a partir del 7 de enero<\/strong><\/em><\/li>\n<\/ul>\n<div id=\"attachment_115828\" style=\"width: 250px\" class=\"wp-caption alignleft\"><a href=\"http:\/\/www.diarioimagen.net\/wp-content\/uploads\/2012\/12\/eruviel-2007.jpg\"><img loading=\"lazy\" decoding=\"async\" aria-describedby=\"caption-attachment-115828\" class=\"size-medium wp-image-115828\" alt=\"Eruviel \u00c1vila Villegas, gobernador del Estado de M\u00e9xico.\" src=\"http:\/\/www.diarioimagen.net\/wp-content\/uploads\/2012\/12\/eruviel-2007-240x135.jpg\" width=\"240\" height=\"135\" \/><\/a><p id=\"caption-attachment-115828\" class=\"wp-caption-text\">Eruviel \u00c1vila Villegas, gobernador del Estado de M\u00e9xico.<\/p><\/div>\n<p>El gobernador Eruviel \u00c1vila Villegas afirm\u00f3 ante obispos de la grey cat\u00f3lica que en M\u00e9xico todos los ciudadanos gozamos de plena libertad religiosa y expres\u00f3 el respeto del gobierno del Estado de M\u00e9xico hacia las diferentes manifestaciones de culto, las cuales, dijo, persiguen el mismo fin que las autoridades: que la gente viva feliz, recupere valores y salga adelante, por lo que ofreci\u00f3 su disposici\u00f3n para colaborar en forma institucional. Al reunirse con jerarcas de las diferentes di\u00f3cesis del Estado de M\u00e9xico, encabezados por el arzobispo de Tlalnepantla, Carlos Aguiar Retes, el gobernador manifest\u00f3 que cree en el Estado laico, y en consecuencia, respeta la libertad de creencia de los individuos. Por ello, reiter\u00f3 el compromiso del gobierno del Estado de M\u00e9xico de seguir trabajando por la entidad y muy de cerca con las distintas asociaciones religiosas. \u00c1vila Villegas asisti\u00f3 como invitado de honor a la ceremonia de toma de posesi\u00f3n can\u00f3nica de V\u00edctor Ren\u00e9 Rodr\u00edguez G\u00f3mez, como nuevo obispo de Valle de Chalco, a quien ofreci\u00f3 todo el respaldo y disposici\u00f3n de su gobierno para colaborar en forma institucional. En presencia de autoridades cat\u00f3licas, representadas por Christophe Pierre, nuncio apost\u00f3lico; el cardenal Norberto Rivera Carrera, arzobispo primado de M\u00e9xico, y Carlos Aguiar Retes, arzobispo de Tlalnepantla, el Ejecutivo estatal record\u00f3 que hace unos meses se llev\u00f3 a cabo una reforma a los art\u00edculos 24 y 40 de la Constituci\u00f3n Pol\u00edtica para tener una plena libertad religiosa y reconocerles derechos a las iglesias, y explic\u00f3 que fue el Congreso del Estado de M\u00e9xico el primero en aprobarla en todo el pa\u00eds. En el evento tambi\u00e9n estuvo presente Roberto Herrera Mena, coordinador de Asuntos Religiosos del gobierno federal y representante personal del presidente Enrique Pe\u00f1a Nieto, as\u00ed como H\u00e9ctor Gonz\u00e1lez Mart\u00ednez, arzobispo de Durango; Juan Manuel Mancilla S\u00e1nchez, obispo de Texcoco; Luis Artemio Flores Calzada, obispo de Tepic y No\u00e9 Aguirre Gonz\u00e1lez, vicario general de la di\u00f3cesis vallechalquense.<\/p>\n<p align=\"center\"><b>EN <em>DIARIOIMAGEN<\/em> NOS VAMOS DE VACACIONES<\/b><\/p>\n<p>Como todos los a\u00f1os, en <em>DIARIOIMAGEN<\/em> tomamos unas merecidas vacaciones desde el d\u00eda de hoy. Nos leemos nuevamente a partir del pr\u00f3ximo 7 de enero del 2013. Para usted que es nuestro jefe querido lector, las m\u00e1s sinceras felicitaciones por estas fiestas y lo mejor para el a\u00f1o que viene. Disfrute en familia y con sus seres queridos, recuerde que no es necesario lujos ni gastar en tanta cosa material para poderle decir a los nuestros que realmente los amamos. Disfrute usted con los suyos de cada instante de su existencia y lo invitamos de todo coraz\u00f3n a darle gracias a Dios por todas las bendiciones recibidas este a\u00f1o. Desde aqu\u00ed, mis mejores deseos para los compa\u00f1eros de redacci\u00f3n, para nuestros colaboradores que cada d\u00eda con sus entregas nos muestran que hay oficio y que se ama a la profesi\u00f3n como lo m\u00e1s sagrado que poseemos. Hacemos extensivos nuestros deseos y felicitaciones para la gente de administraci\u00f3n, talleres, distribuci\u00f3n, publicidad, contabilidad. Quiero tambi\u00e9n dejar patente mi agradecimiento a todos nuestros clientes y anunciantes, porque con su apoyo le han dado vida a este proyecto llamado<em> DIARIOIMAGEN<\/em>, que d\u00eda a d\u00eda cobra mayor fuerza, pues a nuestras dos ediciones impresas con circulaci\u00f3n cada vez mayor, agregamos ahora miles y miles de lectores cotidianamente por medio nuestra p\u00e1gina web <a href=\"http:\/\/www.diarioimagen.net\" target=\"_blank\"><em>diarioimagen.net<\/em><\/a> que mantiene mensualmente m\u00e1s de 9 millones de consultas. A todos ustedes, gracias de todo coraz\u00f3n y que el poder superior los llene de bendiciones eternamente por creer hoy y siempre en nosotros.<\/p>\n","protected":false},"excerpt":{"rendered":"<p><span style=\"color: #005497;\"><strong>Jos\u00e9 Luis Monta\u00f1ez Aguilar<\/strong><\/span><br \/>\n<br \/>\nEl gobernador Eruviel \u00c1vila Villegas afirm\u00f3 ante obispos de la grey cat\u00f3lica que en M\u00e9xico todos los ciudadanos gozamos de plena libertad religiosa y expres\u00f3 el respeto del gobierno del Estado de M\u00e9xico hacia las diferentes manifestaciones de culto, las cuales, dijo, persiguen el mismo fin que las autoridades: que la gente viva feliz, recupere valores y salga adelante, por lo que ofreci\u00f3 su disposici\u00f3n para colaborar en forma institucional. <\/p>\n","protected":false},"author":3,"featured_media":0,"comment_status":"open","ping_status":"open","sticky":false,"template":"","format":"standard","meta":{"_monsterinsights_skip_tracking":false,"_monsterinsights_sitenote_active":false,"_monsterinsights_sitenote_note":"","_monsterinsights_sitenote_category":0,"footnotes":""},"categories":[17],"tags":[13284,5828,43675,43704,44,105,9991,968],"class_list":["post-115746","post","type-post","status-publish","format-standard","hentry","category-especiales","tag-arco-norte","tag-eruviel-avila-villegas","tag-estado-de-mexico","tag-jose-luis-montanez-aguilar","tag-mexico","tag-navidad","tag-vacaciones","tag-valle-de-chalco"],"_links":{"self":[{"href":"https:\/\/www.diarioimagen.net\/index.php?rest_route=\/wp\/v2\/posts\/115746","targetHints":{"allow":["GET"]}}],"collection":[{"href":"https:\/\/www.diarioimagen.net\/index.php?rest_route=\/wp\/v2\/posts"}],"about":[{"href":"https:\/\/www.diarioimagen.net\/index.php?rest_route=\/wp\/v2\/types\/post"}],"author":[{"embeddable":true,"href":"https:\/\/www.diarioimagen.net\/index.php?rest_route=\/wp\/v2\/users\/3"}],"replies":[{"embeddable":true,"href":"https:\/\/www.diarioimagen.net\/index.php?rest_route=%2Fwp%2Fv2%2Fcomments&post=115746"}],"version-history":[{"count":0,"href":"https:\/\/www.diarioimagen.net\/index.php?rest_route=\/wp\/v2\/posts\/115746\/revisions"}],"wp:attachment":[{"href":"https:\/\/www.diarioimagen.net\/index.php?rest_route=%2Fwp%2Fv2%2Fmedia&parent=115746"}],"wp:term":[{"taxonomy":"category","embeddable":true,"href":"https:\/\/www.diarioimagen.net\/index.php?rest_route=%2Fwp%2Fv2%2Fcategories&post=115746"},{"taxonomy":"post_tag","embeddable":true,"href":"https:\/\/www.diarioimagen.net\/index.php?rest_route=%2Fwp%2Fv2%2Ftags&post=115746"}],"curies":[{"name":"wp","href":"https:\/\/api.w.org\/{rel}","templated":true}]}}