{"id":115762,"date":"2012-12-21T00:09:56","date_gmt":"2012-12-21T06:09:56","guid":{"rendered":"http:\/\/www.diarioimagen.net\/?p=115762"},"modified":"2012-12-21T07:46:01","modified_gmt":"2012-12-21T13:46:01","slug":"construiran-tercera-linea-del-sistema-cutzamala","status":"publish","type":"post","link":"https:\/\/www.diarioimagen.net\/?p=115762","title":{"rendered":"Construir\u00e1n tercera l\u00ednea del Sistema Cutzamala"},"content":{"rendered":"<ul>\n<li><strong><em>Anuncian GDF y Conagua<\/em><\/strong><\/li>\n<\/ul>\n<div id=\"attachment_115864\" style=\"width: 250px\" class=\"wp-caption alignleft\"><a href=\"http:\/\/www.diarioimagen.net\/wp-content\/uploads\/2012\/12\/MANCERA-2007.jpg\"><img loading=\"lazy\" decoding=\"async\" aria-describedby=\"caption-attachment-115864\" class=\"size-medium wp-image-115864\" alt=\"El jefe de gobierno del DF, Miguel \u00c1ngel Mancera, hizo el anuncio de la construcci\u00f3n de un tercer ducto del Cutzamala.\" src=\"http:\/\/www.diarioimagen.net\/wp-content\/uploads\/2012\/12\/MANCERA-2007-240x164.jpg\" width=\"240\" height=\"164\" \/><\/a><p id=\"caption-attachment-115864\" class=\"wp-caption-text\">El jefe de gobierno del DF, Miguel \u00c1ngel Mancera, hizo el anuncio de la construcci\u00f3n de un tercer ducto del Cutzamala.<\/p><\/div>\n<p>El gobierno del Distrito Federal y la Comisi\u00f3n Nacional del Agua (Conagua) anunciaron la construcci\u00f3n de una tercera l\u00ednea en el Sistema Cutzamala para garantizar el abasto del l\u00edquido en la capital del pa\u00eds, en especial en la \u00e9poca de estiaje.<\/p>\n<p>En rueda de prensa conjunta, el jefe de gobierno capitalino, Miguel \u00c1ngel Mancera, y el titular de la Conagua, David Korenfeld Federman, informaron que la tercera l\u00ednea tendr\u00e1 una extensi\u00f3n de 35 kil\u00f3metros y un costo de entre 4 y 5 mil millones de pesos.<\/p>\n<p>Al dar a conocer la agenda para el Valle de M\u00e9xico durante el pr\u00f3ximo sexenio, cuyo objetivo es fortalecer la infraestructura hidr\u00e1ulica del Valle de M\u00e9xico, comentaron que la obra iniciar\u00e1 el pr\u00f3ximo a\u00f1o y tendr\u00e1 una duraci\u00f3n de 36 meses.<\/p>\n<p>En ese marco anunciaron la creaci\u00f3n de un \u00f3rgano metropolitano que atender\u00e1 exclusivamente el sistema de drenaje, que contar\u00e1 con un solo mando para asuntos relacionados con las aguas residuales.<\/p>\n<p>Adem\u00e1s, se trabajar\u00e1 en infraestructura para las delegaciones Xochimilco y Tl\u00e1huac, en la atenci\u00f3n de fugas, as\u00ed como en lograr una mayor concientizaci\u00f3n en el uso racional del agua.<\/p>\n<p>En el Antiguo Palacio del Ayuntamiento, Mancera Espinosa detall\u00f3 que por el momento, no se analiza el tema de las tarifas del agua, porque \u201cestamos cobrando lo que se tiene que cobrar\u201d.<\/p>\n<p>Destac\u00f3 la importancia de trabajar en la reparaci\u00f3n de las fugas y coment\u00f3 que el organo metropolitano \u201cser\u00e1 la \u00fanica instancia de toma de decisiones para el drenaje del Valle de M\u00e9xico\u201d.<\/p>\n<p>En torno al tema de los recortes de agua en la capital del pa\u00eds, precis\u00f3 que \u00e9stos no obedecen a \u201ccapricho de la Conagua ni de un solo funcionario\u201d.<\/p>\n<p>Korenfeld Federman explic\u00f3 que el \u00f3rgano metropolitano tendr\u00e1 la responsabilidad del manejo del drenaje en el Valle de M\u00e9xico y destino de las aguas residuales y pluviales.<\/p>\n<p>Destac\u00f3 tambi\u00e9n los proyectos como el Acuaf\u00e9rico, para abastecer a las delegaciones Xochimilco e Iztapalapa.<\/p>\n<p>\u201cPondremos una agenda muy clara en tiempos de cumplimiento, donde participaremos muy de la mano con el Gobierno del Distrito Federal\u201d, resalt\u00f3.<\/p>\n<p>Por otra parte, Mancera Espinosa inform\u00f3 que esta noche, en punto de las 23:00 horas a la Asamblea Legislativa del Distrito Federal (ALDF), su proyecto de presupuesto y paquete financiero 2013, a fin de que se discuta, analice y, en su caso, se apruebe.<\/p>\n<p>El monto ser\u00e1 tres por ciento superior al presupuesto de 2012, de 130 mil millones de pesos y ser\u00e1 enviado a trav\u00e9s de la Secretar\u00eda de Finanzas local.<\/p>\n<p>&nbsp;<\/p>\n","protected":false},"excerpt":{"rendered":"<p>El gobierno del Distrito Federal y la Comisi\u00f3n Nacional del Agua (Conagua) anunciaron la construcci\u00f3n de una tercera l\u00ednea en el Sistema Cutzamala para garantizar el abasto del l\u00edquido en la capital del pa\u00eds, en especial en la \u00e9poca de estiaje.<\/p>\n","protected":false},"author":3,"featured_media":0,"comment_status":"open","ping_status":"open","sticky":false,"template":"","format":"standard","meta":{"_monsterinsights_skip_tracking":false,"_monsterinsights_sitenote_active":false,"_monsterinsights_sitenote_note":"","_monsterinsights_sitenote_category":0,"footnotes":""},"categories":[6],"tags":[204,381,531,5314,2524],"class_list":["post-115762","post","type-post","status-publish","format-standard","hentry","category-cd-de-mexico","tag-ciudad-de-mexico","tag-comision-nacional-del-agua","tag-conagua","tag-miguel-angel-mancera-espinosa","tag-sistema-cutzamala"],"_links":{"self":[{"href":"https:\/\/www.diarioimagen.net\/index.php?rest_route=\/wp\/v2\/posts\/115762","targetHints":{"allow":["GET"]}}],"collection":[{"href":"https:\/\/www.diarioimagen.net\/index.php?rest_route=\/wp\/v2\/posts"}],"about":[{"href":"https:\/\/www.diarioimagen.net\/index.php?rest_route=\/wp\/v2\/types\/post"}],"author":[{"embeddable":true,"href":"https:\/\/www.diarioimagen.net\/index.php?rest_route=\/wp\/v2\/users\/3"}],"replies":[{"embeddable":true,"href":"https:\/\/www.diarioimagen.net\/index.php?rest_route=%2Fwp%2Fv2%2Fcomments&post=115762"}],"version-history":[{"count":0,"href":"https:\/\/www.diarioimagen.net\/index.php?rest_route=\/wp\/v2\/posts\/115762\/revisions"}],"wp:attachment":[{"href":"https:\/\/www.diarioimagen.net\/index.php?rest_route=%2Fwp%2Fv2%2Fmedia&parent=115762"}],"wp:term":[{"taxonomy":"category","embeddable":true,"href":"https:\/\/www.diarioimagen.net\/index.php?rest_route=%2Fwp%2Fv2%2Fcategories&post=115762"},{"taxonomy":"post_tag","embeddable":true,"href":"https:\/\/www.diarioimagen.net\/index.php?rest_route=%2Fwp%2Fv2%2Ftags&post=115762"}],"curies":[{"name":"wp","href":"https:\/\/api.w.org\/{rel}","templated":true}]}}