{"id":115810,"date":"2012-12-21T00:04:57","date_gmt":"2012-12-21T06:04:57","guid":{"rendered":"http:\/\/www.diarioimagen.net\/?p=115810"},"modified":"2013-01-07T02:03:24","modified_gmt":"2013-01-07T08:03:24","slug":"enrique-pena-nieto-plantea-cuatro-objetivos-para-reactivar-el-campo","status":"publish","type":"post","link":"https:\/\/www.diarioimagen.net\/?p=115810","title":{"rendered":"Enrique Pe\u00f1a Nieto plantea cuatro objetivos para reactivar el campo"},"content":{"rendered":"<ul>\n<li><strong><em>La reforma laboral, recientemente aprobada, beneficia a los trabajadores del agro al reconocer su antig\u00fcedad, y con ello, facilitar su jubilaci\u00f3n y respectiva pensi\u00f3n<\/em><\/strong><\/li>\n<\/ul>\n<h6>Roberto Vizca\u00edno<\/h6>\n<div id=\"attachment_115831\" style=\"width: 250px\" class=\"wp-caption alignleft\"><a href=\"http:\/\/www.diarioimagen.net\/wp-content\/uploads\/2012\/12\/epn-2007.jpg\"><img loading=\"lazy\" decoding=\"async\" aria-describedby=\"caption-attachment-115831\" class=\"size-medium wp-image-115831\" alt=\"Enrique Pe\u00f1a Nieto, presidente de M\u00e9xico.\" src=\"http:\/\/www.diarioimagen.net\/wp-content\/uploads\/2012\/12\/epn-2007-240x135.jpg\" width=\"240\" height=\"135\" \/><\/a><p id=\"caption-attachment-115831\" class=\"wp-caption-text\">Enrique Pe\u00f1a Nieto, presidente de M\u00e9xico.<\/p><\/div>\n<p>El presidente Enrique Pe\u00f1a Nieto advirti\u00f3 ayer que el primer requisito de su gobierno es el de que no falte comida en la mesa de las familias mexicanas y se doli\u00f3 de que a\u00fan hoy haya millones de ciudadanos que padecen hambre lo cual, afirm\u00f3, es no s\u00f3lo indignante, sino inaceptable y por ello propuso cumplir cuatro grandes objetivos:<\/p>\n<p>Primero. Un campo justo, mediante la creaci\u00f3n de un piso b\u00e1sico de bienestar social, en el que todos los habitantes est\u00e9n protegidos ante enfermedades, accidentes, y carencia de ingreso, en caso de vejez.<\/p>\n<p>\u201cEn este prop\u00f3sito, la reforma laboral, recientemente aprobada, beneficia a los trabajadores del campo al reconocer su antig\u00fcedad, y con ello, facilitar su jubilaci\u00f3n y respectiva pensi\u00f3n.<\/p>\n<p>\u201cDe manera complementaria, para fomentar la formalidad en el agro, este d\u00eda se ha publicado un decreto, que extiende los beneficios fiscales, a patrones y trabajadores eventuales del campo, en el cumplimiento de sus obligaciones en materia de seguridad social, para todo el a\u00f1o 2013\u201d.<\/p>\n<p>Segundo objetivo. Un campo productivo. A trav\u00e9s de cr\u00e9ditos oportunos al productor, con tasas preferenciales; impulso a nuevas formas de asociaci\u00f3n productiva, y una mayor cobertura de seguros contra riesgos clim\u00e1ticos.<\/p>\n<p>Tercero. Un campo rentable, mediante el fomento de cadenas productivas de valor en el sector agroalimentario; la reconversi\u00f3n productiva hacia cultivos de mayor valor y con esquemas eficientes, para su comercializaci\u00f3n.<\/p>\n<p>Cuarto, y \u00faltimo. Un campo sustentable, a trav\u00e9s del mejor uso del agua, la recuperaci\u00f3n de bosques en zonas no aptas para agricultura, y el fortalecimiento de actividades alternas, como el turismo ecol\u00f3gico, comercio de artesan\u00edas y prestaci\u00f3n de servicios ambientales.<\/p>\n<p>Avanzar hacia esa visi\u00f3n del campo mexicano, dijo ante la XXIX Asamblea General Ordinaria del Consejo Nacional Agropecuario, requerir\u00e1 impulsar reformas legales, acciones de gobierno, y asignaciones presupuestales suficientes.<\/p>\n<p>Por ello, indic\u00f3, en el proyecto de Presupuesto de Egresos de 2013, que es tramitado hoy en el Congreso, se incluyeron los primeros acuerdos de inversi\u00f3n p\u00fablica, en beneficio de este sector.<\/p>\n<p>\u201cEn principio, he propuesto a la C\u00e1mara de Diputados una partida de m\u00e1s de 300 mil millones de pesos para el desarrollo integral del campo. 11.4 por ciento m\u00e1s en t\u00e9rminos reales del monto solicitado en 2012.<\/p>\n<p>\u201cAs\u00ed, estaremos en posibilidad de dar un s\u00f3lido impulso a programas que a ustedes les interesan, como apoyo a la inversi\u00f3n, en equipamiento e infraestructura; desarrollo de capacidades, innovaci\u00f3n tecnol\u00f3gica y extensionismo rural; desarrollo de mercados; prevenci\u00f3n y manejo de riesgos, y PROCAMPO productivo.<\/p>\n<p>\u201cTambi\u00e9n, contaremos con recursos para desarrollar un sistema de informaci\u00f3n sobre preferencias y precios en el mercado agropecuario, a fin de incentivar la reconversi\u00f3n productiva hacia cultivos de mayor valor comercial\u201d, precis\u00f3.<\/p>\n<p>Luego de reconocer el trabajo realizado por Juan Carlos Cortez, a quien dijo conocer desde hace varios a\u00f1os, el presidente Pe\u00f1a Nieto tom\u00f3 la protesta al nuevo presidente del CNA, Benjam\u00edn Grayeb y su equipo.<\/p>\n<p>A Grayeb dijo que no estar\u00e1 solo en su tarea al frente de esta organizaci\u00f3n a la cual reconoci\u00f3 como un gremio creador de cadenas productivas, que lo mismo conquistan mercados internacionales, que producen productos de excelencia y que generan importantes fuentes de empleo\u2026 \u201csus contribuciones son muy relevantes\u201d, agreg\u00f3.<\/p>\n<p>Indic\u00f3 que justamente con aliados como ellos y con acciones gubernamentales como las que se apresta a realizar, se podr\u00e1 realmente impulsar la modernizaci\u00f3n, capitalizaci\u00f3n y productividad del campo.<\/p>\n<p>\u201cLa reactivaci\u00f3n del campo es, sin duda, una de nuestras mayores prioridades. Con la participaci\u00f3n corresponsable de productores, emprendedores, comercializadores y expertos, as\u00ed como de organizaciones campesinas y de la sociedad civil, vamos a cambiar el paradigma.<\/p>\n<p>\u201cEl sector rural mexicano no debe estar condenado a la pobreza, y menos, a ser el rostro de la pobreza de nuestro pa\u00eds.<\/p>\n<p>\u201cLos logros alcanzados de sus empresas demuestran que el campo mexicano es capaz de competir con los mejores del mundo. Convoco a los integrantes de este Consejo a seguir liderando la transformaci\u00f3n del campo, se\u00f1al\u00f3.<\/p>\n<p>\u201cUstedes son la mejor prueba de que s\u00ed se pueden llevar a buen puerto los m\u00e1s ambiciosos proyectos agropecuarios y pesqueros de nuestro pa\u00eds.<\/p>\n<p>\u201cLos invito a seguir invirtiendo y trabajando por el desarrollo agroindustrial del pa\u00eds, porque al hacerlo, est\u00e1n invirtiendo y trabajando por un mejor porvenir para todos los mexicanos.<\/p>\n<p>\u201cTrabajemos juntos, con la certeza de que el futuro del campo y el destino de M\u00e9xico est\u00e1n estrechamente ligados\u201d, subray\u00f3.<\/p>\n<p>Pe\u00f1a Nieto afirm\u00f3 que construyendo un campo moderno, competitivo, exitoso, es como M\u00e9xico alcanzar\u00e1 su seguridad alimentaria y disminuir\u00e1 sensible y significativamente la pobreza.<\/p>\n<p>Les record\u00f3 que ya gir\u00f3 instrucciones a Rosario Robles, secretar\u00eda de Desarrollo Social para que inicie antes de 60 d\u00edas la Cruzada Nacional Contra el Hambre.<\/p>\n<p>\u201cSi queremos que M\u00e9xico sea una potencia econ\u00f3mica emergente, debemos generar cadenas productivas de alto valor agregado\u2026 si queremos que haya suficientes alimentos y que los productos mexicanos conquisten nuevos mercados, tenemos que invertir m\u00e1s en innovaci\u00f3n y en tecnolog\u00eda.<\/p>\n<p>\u201cAprovechar el potencial de casi 25 millones de mexicanos que habitan el medio rural requiere generar m\u00e1s oportunidades de desarrollo para ellos y el mejor instrumento para terminar con la pobreza y la migraci\u00f3n es con un buen trabajo, bien remunerado, digno, que depare condiciones sanas y de bienestar a cualquier familia.<\/p>\n<p>\u201cSi no queremos que el alza internacional en los precios de los alimentos no golpee el bolsillo de las familias mexicanas que menos tienen, tenemos que abastecer el mercado interno con m\u00e1s y mejores productos de origen nacional\u201d, dijo.<\/p>\n<p>Los invit\u00f3 a continuar en contacto, porque, afirm\u00f3, \u201cquiero hacer un gobierno abierto, un gobierno sensible y que escuche sus necesidades y sus propuestas de soluci\u00f3n, para que juntos hagamos la pol\u00edtica p\u00fablica que permita detonar y fortalecer la actividad agroalimentaria de nuestro pa\u00eds\u201d.<\/p>\n<p>&nbsp;<\/p>\n","protected":false},"excerpt":{"rendered":"<p><span style=\"color: #005497;\"><strong>Roberto Vizca\u00edno<\/strong><\/span><br \/>\n<br \/>\nEl presidente Enrique Pe\u00f1a Nieto advirti\u00f3 ayer que el primer requisito de su gobierno es el de que no falte comida en la mesa de las familias mexicanas y se doli\u00f3 de que a\u00fan hoy haya millones de ciudadanos que padecen hambre lo cual, afirm\u00f3, es no s\u00f3lo indignante, sino inaceptable y por ello propuso cumplir cuatro grandes objetivos:<\/p>\n","protected":false},"author":3,"featured_media":0,"comment_status":"open","ping_status":"open","sticky":false,"template":"","format":"standard","meta":{"_monsterinsights_skip_tracking":false,"_monsterinsights_sitenote_active":false,"_monsterinsights_sitenote_note":"","_monsterinsights_sitenote_category":0,"footnotes":""},"categories":[17,3],"tags":[16006,18,17623,25702,93],"class_list":["post-115810","post","type-post","status-publish","format-standard","hentry","category-especiales","category-nacional","tag-campo","tag-enrique-pena-nieto","tag-millones","tag-pension","tag-roberto-vizcaino"],"_links":{"self":[{"href":"https:\/\/www.diarioimagen.net\/index.php?rest_route=\/wp\/v2\/posts\/115810","targetHints":{"allow":["GET"]}}],"collection":[{"href":"https:\/\/www.diarioimagen.net\/index.php?rest_route=\/wp\/v2\/posts"}],"about":[{"href":"https:\/\/www.diarioimagen.net\/index.php?rest_route=\/wp\/v2\/types\/post"}],"author":[{"embeddable":true,"href":"https:\/\/www.diarioimagen.net\/index.php?rest_route=\/wp\/v2\/users\/3"}],"replies":[{"embeddable":true,"href":"https:\/\/www.diarioimagen.net\/index.php?rest_route=%2Fwp%2Fv2%2Fcomments&post=115810"}],"version-history":[{"count":0,"href":"https:\/\/www.diarioimagen.net\/index.php?rest_route=\/wp\/v2\/posts\/115810\/revisions"}],"wp:attachment":[{"href":"https:\/\/www.diarioimagen.net\/index.php?rest_route=%2Fwp%2Fv2%2Fmedia&parent=115810"}],"wp:term":[{"taxonomy":"category","embeddable":true,"href":"https:\/\/www.diarioimagen.net\/index.php?rest_route=%2Fwp%2Fv2%2Fcategories&post=115810"},{"taxonomy":"post_tag","embeddable":true,"href":"https:\/\/www.diarioimagen.net\/index.php?rest_route=%2Fwp%2Fv2%2Ftags&post=115810"}],"curies":[{"name":"wp","href":"https:\/\/api.w.org\/{rel}","templated":true}]}}