{"id":115825,"date":"2012-12-21T00:01:36","date_gmt":"2012-12-21T06:01:36","guid":{"rendered":"http:\/\/www.diarioimagen.net\/?p=115825"},"modified":"2013-01-07T02:03:07","modified_gmt":"2013-01-07T08:03:07","slug":"elba-esther-gordillo-anuncia-movilizaciones-de-maestros","status":"publish","type":"post","link":"https:\/\/www.diarioimagen.net\/?p=115825","title":{"rendered":"Elba Esther Gordillo anuncia movilizaciones de maestros"},"content":{"rendered":"<ul>\n<li><strong><em>La lideresa magisterial se\u00f1ala que no se suspender\u00e1n clases y que las protestas las realizar\u00e1n en s\u00e1bados y domingos<\/em><\/strong><\/li>\n<\/ul>\n<div id=\"attachment_115837\" style=\"width: 250px\" class=\"wp-caption alignleft\"><a href=\"http:\/\/www.diarioimagen.net\/wp-content\/uploads\/2012\/12\/elba-2007.jpg\"><img loading=\"lazy\" decoding=\"async\" aria-describedby=\"caption-attachment-115837\" class=\"size-medium wp-image-115837\" alt=\"En febrero, un comit\u00e9 de vigilancia deber\u00e1 informar sobre las acciones que se han cumplido y las que no. \u201cEn pie de lucha por las mejores causas de M\u00e9xico\u201d, lanz\u00f3 la lideresa.\" src=\"http:\/\/www.diarioimagen.net\/wp-content\/uploads\/2012\/12\/elba-2007-240x135.jpg\" width=\"240\" height=\"135\" \/><\/a><p id=\"caption-attachment-115837\" class=\"wp-caption-text\">En febrero, un comit\u00e9 de vigilancia deber\u00e1 informar sobre las acciones que se han cumplido y las que no. \u201cEn pie de lucha por las mejores causas de M\u00e9xico\u201d, lanz\u00f3 la lideresa.<\/p><\/div>\n<p>El Sindicato Nacional de Trabajadores de la Educaci\u00f3n (SNTE) aval\u00f3 un plan contra la reforma educativa, que destaca una \u201cresistencia pac\u00edfica y digna\u201d sindical.<\/p>\n<p>Al clausurar la XXXV Sesi\u00f3n Extraordinaria del Consejo Nacional del Sindicato, su presidenta Elba Esther Gordillo present\u00f3 una serie de acciones contra la reforma educativa.<\/p>\n<p>Asimismo, en el consejo del SNTE se refrend\u00f3 apoyo y reconocimiento \u201cindeclinable\u201d al liderazgo pol\u00edtico y social de Elba Esther Gordillo, y respaldaron su postura respecto a la reforma educativa.<\/p>\n<p>El consejo fue presidido por su vicepresidente, Aquiles Cort\u00e9s, que subray\u00f3 la importancia de\u00a0 mayores recursos a la educaci\u00f3n y advirti\u00f3 que, el SNTE no dejar\u00e1 que se modifiquen sus relaciones salariales o laborales. Gordillo dijo que no se suspender\u00e1n clases y que utilizar\u00e1n los s\u00e1bados y domingos, de forma pac\u00edfica, para pedir firmas en las plazas p\u00fablicas del pa\u00eds de apoyo y solidaridad a sus demandas.<\/p>\n<p>Los s\u00e1bados y domingos habr\u00e1 tambi\u00e9n volanteos sobre lo que significa, dijo el SNTE, poner en riesgo el empleo de los trabajadores y alertar a otros sindicatos de que les puede pasar lo mismo.<\/p>\n<p>Agreg\u00f3 que se solicitar\u00e1 el apoyo de organismos internacionales de orden sindical, a la ONU y a la OIT.<\/p>\n<p>Adem\u00e1s, el SNTE solicitar\u00e1 el apoyo de universidades.<\/p>\n<p>En la estrategia, el gremio tambi\u00e9n urgir\u00e1 a los gobernadores a cumplir con el pago de los trabajadores como el aguinaldo y prestaciones.<\/p>\n<p>\u201cNo m\u00e1s difamaciones al gremio, no m\u00e1s falsos debates. Lo que es del c\u00e9sar del c\u00e9sar, lo que es del Gobierno del Gobierno y lo que es del SNTE es del SNTE\u201d.<\/p>\n<p><b>\u00a0<\/b><\/p>\n","protected":false},"excerpt":{"rendered":"<p>El Sindicato Nacional de Trabajadores de la Educaci\u00f3n (SNTE) aval\u00f3 un plan contra la reforma educativa, que destaca una \u201cresistencia pac\u00edfica y digna\u201d sindical.<\/p>\n","protected":false},"author":3,"featured_media":0,"comment_status":"open","ping_status":"open","sticky":false,"template":"","format":"standard","meta":{"_monsterinsights_skip_tracking":false,"_monsterinsights_sitenote_active":false,"_monsterinsights_sitenote_note":"","_monsterinsights_sitenote_category":0,"footnotes":""},"categories":[17],"tags":[2873,2574,2044],"class_list":["post-115825","post","type-post","status-publish","format-standard","hentry","category-especiales","tag-elba-esther-gordillo-morales","tag-maestros","tag-snte"],"_links":{"self":[{"href":"https:\/\/www.diarioimagen.net\/index.php?rest_route=\/wp\/v2\/posts\/115825","targetHints":{"allow":["GET"]}}],"collection":[{"href":"https:\/\/www.diarioimagen.net\/index.php?rest_route=\/wp\/v2\/posts"}],"about":[{"href":"https:\/\/www.diarioimagen.net\/index.php?rest_route=\/wp\/v2\/types\/post"}],"author":[{"embeddable":true,"href":"https:\/\/www.diarioimagen.net\/index.php?rest_route=\/wp\/v2\/users\/3"}],"replies":[{"embeddable":true,"href":"https:\/\/www.diarioimagen.net\/index.php?rest_route=%2Fwp%2Fv2%2Fcomments&post=115825"}],"version-history":[{"count":0,"href":"https:\/\/www.diarioimagen.net\/index.php?rest_route=\/wp\/v2\/posts\/115825\/revisions"}],"wp:attachment":[{"href":"https:\/\/www.diarioimagen.net\/index.php?rest_route=%2Fwp%2Fv2%2Fmedia&parent=115825"}],"wp:term":[{"taxonomy":"category","embeddable":true,"href":"https:\/\/www.diarioimagen.net\/index.php?rest_route=%2Fwp%2Fv2%2Fcategories&post=115825"},{"taxonomy":"post_tag","embeddable":true,"href":"https:\/\/www.diarioimagen.net\/index.php?rest_route=%2Fwp%2Fv2%2Ftags&post=115825"}],"curies":[{"name":"wp","href":"https:\/\/api.w.org\/{rel}","templated":true}]}}