{"id":115880,"date":"2012-12-21T00:06:31","date_gmt":"2012-12-21T06:06:31","guid":{"rendered":"http:\/\/www.diarioimagen.net\/?p=115880"},"modified":"2012-12-21T07:59:25","modified_gmt":"2012-12-21T13:59:25","slug":"satelite-bicentenario-inicia-funciones-a-partir-de-enero","status":"publish","type":"post","link":"https:\/\/www.diarioimagen.net\/?p=115880","title":{"rendered":"Sat\u00e9lite Bicentenario inicia funciones a partir de enero"},"content":{"rendered":"<ul>\n<li><em><strong>Adem\u00e1s, durante el pr\u00f3ximo a\u00f1o el gobierno mexicano pondr\u00e1 en \u00f3rbita el Centenario y en 2014 el Morelos III<\/strong><\/em><\/li>\n<\/ul>\n<p>&nbsp;<\/p>\n<div id=\"attachment_115882\" style=\"width: 250px\" class=\"wp-caption alignleft\"><a href=\"http:\/\/www.diarioimagen.net\/wp-content\/uploads\/2012\/12\/satelite-2007.jpg\"><img loading=\"lazy\" decoding=\"async\" aria-describedby=\"caption-attachment-115882\" class=\"size-medium wp-image-115882\" alt=\"Imagen del Skynet, que transport\u00f3 ayer  el sat\u00e9lite Bicentenario, el cual fue lanzado  desde el Centro Espacial Kourou, en la Guyana Francesa.\" src=\"http:\/\/www.diarioimagen.net\/wp-content\/uploads\/2012\/12\/satelite-2007-240x135.jpg\" width=\"240\" height=\"135\" \/><\/a><p id=\"caption-attachment-115882\" class=\"wp-caption-text\">Imagen del Skynet, que transport\u00f3 ayer el sat\u00e9lite Bicentenario, el cual fue lanzado desde el Centro Espacial Kourou, en la Guyana Francesa.<\/p><\/div>\n<p>El sat\u00e9lite Bicentenario, que fue lanzado el pasado mi\u00e9rcoles desde la Guyana Francesa y que forma parte del sistema mexicano Mexsat, iniciar\u00e1 funciones a partir de enero de 2013.<\/p>\n<p>Adem\u00e1s, durante el pr\u00f3ximo a\u00f1o, el gobierno pondr\u00e1 en \u00f3rbita otro aparato, el Centenario, y en 2014, el Morelos III, que tendr\u00e1n como fin reducir la brecha digital, \u201cque es una de las formas actuales de la desigualdad entre personas, comunidades y regiones\u201d, dijo el secretario de Comunicaciones y Transportes, Gerardo Ruiz Esparza.<\/p>\n<p>El Bicentenario ofrecer\u00e1 tambi\u00e9n la tecnolog\u00eda m\u00e1s avanzada del mundo para la implementaci\u00f3n de plataformas informativas y bases de datos que se utilizar\u00e1n para fortalecer la seguridad nacional.<\/p>\n<p>Con una inversi\u00f3n de mil 600 millones de d\u00f3lares, que ya incluyen el lanzamiento de los sat\u00e9lites Centenario y Morelos III, el Bicentenario dar\u00e1 cobertura a las necesidades sociales de M\u00e9xico.<\/p>\n<p>Dicha inversi\u00f3n tambi\u00e9n incluye los seguros de los tres sat\u00e9lites, as\u00ed como dos centros de control y monitoreo que estar\u00e1n ubicados en Iztapalapa, Distrito Federal, y en Hermosillo, Sonora.<\/p>\n<p>El lanzamiento fue, para Arianespace, la misi\u00f3n n\u00famero 211 y coloc\u00f3 a dos sat\u00e9lites de telecomunicaciones en una \u00f3rbita geoestacionaria de transferencia. Uno fue el mexicano Bicentenario y el otro, el Skynet 5D, del operador brit\u00e1nico Astrium Satellites.<\/p>\n<p>El aparato mexicano, que pesa 2 mil 900 kilogramos, tiene una potencia de 3.5 kilowhatts y cuya vida \u00fatil es de 15 a\u00f1os, proporcionar\u00e1 servicios fijos como banda ancha para internet de alta velocidad, telefon\u00eda satelital digital de alta calidad, sistemas de telemedicina y tele educaci\u00f3n y videoconferencias.<\/p>\n<p>Tambi\u00e9n ofrecer\u00e1 servicios para atenci\u00f3n de emergencias y de e-gobierno, con lo cual todas las cabeceras municipales en M\u00e9xico tendr\u00e1n cobertura de telecomunicaciones de alta calidad.<\/p>\n<p>A su vez, ofrecer\u00e1 servicios de bancarizaci\u00f3n en comunidades apartadas y financieros como administraci\u00f3n de redes para el manejo de n\u00f3mina e inventario de instituciones federales.<\/p>\n","protected":false},"excerpt":{"rendered":"<p>El sat\u00e9lite Bicentenario, que fue lanzado el pasado mi\u00e9rcoles desde la Guyana Francesa y que forma parte del sistema mexicano Mexsat, iniciar\u00e1 funciones a partir de enero de 2013.<\/p>\n","protected":false},"author":1,"featured_media":0,"comment_status":"open","ping_status":"open","sticky":false,"template":"","format":"standard","meta":{"_monsterinsights_skip_tracking":false,"_monsterinsights_sitenote_active":false,"_monsterinsights_sitenote_note":"","_monsterinsights_sitenote_category":0,"footnotes":""},"categories":[3],"tags":[43673],"class_list":["post-115880","post","type-post","status-publish","format-standard","hentry","category-nacional","tag-nacional"],"_links":{"self":[{"href":"https:\/\/www.diarioimagen.net\/index.php?rest_route=\/wp\/v2\/posts\/115880","targetHints":{"allow":["GET"]}}],"collection":[{"href":"https:\/\/www.diarioimagen.net\/index.php?rest_route=\/wp\/v2\/posts"}],"about":[{"href":"https:\/\/www.diarioimagen.net\/index.php?rest_route=\/wp\/v2\/types\/post"}],"author":[{"embeddable":true,"href":"https:\/\/www.diarioimagen.net\/index.php?rest_route=\/wp\/v2\/users\/1"}],"replies":[{"embeddable":true,"href":"https:\/\/www.diarioimagen.net\/index.php?rest_route=%2Fwp%2Fv2%2Fcomments&post=115880"}],"version-history":[{"count":0,"href":"https:\/\/www.diarioimagen.net\/index.php?rest_route=\/wp\/v2\/posts\/115880\/revisions"}],"wp:attachment":[{"href":"https:\/\/www.diarioimagen.net\/index.php?rest_route=%2Fwp%2Fv2%2Fmedia&parent=115880"}],"wp:term":[{"taxonomy":"category","embeddable":true,"href":"https:\/\/www.diarioimagen.net\/index.php?rest_route=%2Fwp%2Fv2%2Fcategories&post=115880"},{"taxonomy":"post_tag","embeddable":true,"href":"https:\/\/www.diarioimagen.net\/index.php?rest_route=%2Fwp%2Fv2%2Ftags&post=115880"}],"curies":[{"name":"wp","href":"https:\/\/api.w.org\/{rel}","templated":true}]}}