{"id":115915,"date":"2013-01-03T00:05:07","date_gmt":"2013-01-03T06:05:07","guid":{"rendered":"http:\/\/www.diarioimagen.net\/?p=115915"},"modified":"2013-01-07T02:03:37","modified_gmt":"2013-01-07T08:03:37","slug":"2013-ano-de-acuerdos-y-reformas-que-transformaran-a-mexico-pena-nieto","status":"publish","type":"post","link":"https:\/\/www.diarioimagen.net\/?p=115915","title":{"rendered":"2013, a\u00f1o de acuerdos y reformas que transformar\u00e1n a M\u00e9xico: Pe\u00f1a Nieto"},"content":{"rendered":"<h6>Por Roberto Vizca\u00edno<\/h6>\n<div id=\"attachment_115916\" style=\"width: 250px\" class=\"wp-caption alignleft\"><a href=\"http:\/\/www.diarioimagen.net\/wp-content\/uploads\/2013\/01\/epn-03.jpg\"><img loading=\"lazy\" decoding=\"async\" aria-describedby=\"caption-attachment-115916\" class=\"size-medium wp-image-115916\" alt=\"Enrique Pe\u00f1a Nieto, presidente de M\u00e9xico.\" src=\"http:\/\/www.diarioimagen.net\/wp-content\/uploads\/2013\/01\/epn-03-240x135.jpg\" width=\"240\" height=\"135\" \/><\/a><p id=\"caption-attachment-115916\" class=\"wp-caption-text\">Enrique Pe\u00f1a Nieto, presidente de M\u00e9xico.<\/p><\/div>\n<p>El presidente Enrique Pe\u00f1a Nieto afirm\u00f3 ayer que 2013 ser\u00e1 para M\u00e9xico el a\u00f1o de los acuerdos que generar\u00e1n las reformas estructurales que transformar\u00e1n al pa\u00eds, y le permitir\u00e1n combatir con mayor eficacia los rezagos acumulados en pobreza, desigualdad, desempleo y alcanzar una debida protecci\u00f3n social para todos los mexicanos.<\/p>\n<p>Ser\u00e1 el a\u00f1o\u00a0 en que las reformas provoquen un crecimiento m\u00e1s acelerado que depare prosperidad para los mexicanos, agreg\u00f3.<\/p>\n<p>Y, al tomarles protesta a los representantes de los trabajadores y patrones en las Juntas Especiales de la Federal de Conciliaci\u00f3n y Arbitraje para el periodo 2013-2018 dijo:<\/p>\n<p>\u201cEstoy consciente de que la generaci\u00f3n de empleos <b>no depende de la decisi\u00f3n unilateral del Presidente de la Rep\u00fablica<\/b>, sino de la capacidad que tengan los patrones y los trabajadores, que al ponerse de acuerdo y al incorporar todo aquello que les haga m\u00e1s productivos y m\u00e1s competitivos, puedan generarse mayor n\u00famero de empleos.<\/p>\n<p>\u201cLo que s\u00ed corresponde al Presidente de la Rep\u00fablica <b>es propiciar el entorno favorable para que el acuerdo entre patronos y trabajadores, trabajadores y patrones, pueda tener lugar<\/b>.<\/p>\n<p>\u201cY eso es, justamente, lo que este Gobierno habr\u00e1 de ocuparse: de generar el <b>mejor ambiente<\/b>, de ser un facilitador a mayores inversiones productivas y de lograr que en el acuerdo de todas las partes, trabajadores, patrones y Gobierno, M\u00e9xico pueda tener un crecimiento m\u00e1s acelerado y, con ello, pueda generar condiciones de mayor bienestar para todas las familias mexicanas\u201d, precis\u00f3.<\/p>\n<p>Pe\u00f1a Nieto reconoci\u00f3 que la Reforma Laboral aprobada hace apenas un mes, modifica favorablemente el mercado del trabajo e impulsa la productividad en M\u00e9xico.<\/p>\n<p>Consider\u00f3 que el Congreso hizo un gran trabajo para adecuar el marco laboral mexicano a las nuevas <b>exigencias de un mundo m\u00e1s integrado y competitivo.<\/b><\/p>\n<p><b>Y enumer\u00f3 lo que \u00e9l ve como beneficios en esta reforma:<\/b><\/p>\n<p>\u201cSe trata de una <b>reforma que inicia no s\u00f3lo una nueva etapa para el derecho<\/b> mexicano, sino una <b>nueva etapa para la productividad y el mercado laboral<\/b> del pa\u00eds. Es una reforma que <b>fomenta el trabajo digno<\/b>, que <b>evita la discriminaci\u00f3n laboral<\/b> y <b>mejora las condiciones generales de trabajo<\/b>\u2026 <b>promueve la equidad y la formalidad<\/b> de los empleos\u2026 da <b>certidumbre<\/b> a la certificaci\u00f3n de competencias y habilidades, lo que beneficia a los trabajadores que no cuentan con un t\u00edtulo de t\u00e9cnico o profesional\u2026<\/p>\n<p>\u201cEn materia de impartici\u00f3n de justicia, prev\u00e9 la agilizaci\u00f3n de los juicios laborales y la profesionalizaci\u00f3n de personal de la Junta Federal de Conciliaci\u00f3n y Arbitraje, precisamente, para asegurar la m\u00e1xima que priva en toda administraci\u00f3n de justicia, que es lograr un proceso justo, pronto y expedito\u2026 obliga que estos juicios se celebren en menos o cuando mucho en un a\u00f1o, y que se le d\u00e9 celeridad a todos estos procesos\u201d.<\/p>\n<p>El Presidente considera que esta reforma elevar\u00e1 la competitividad y la <b>productividad con lo cual el pa\u00eds tendr\u00e1 empresas m\u00e1s eficientes y los trabajadores empleos m\u00e1s estables y mejor recumerados.<\/b><\/p>\n<p>\u201cLa Reforma Laboral es un gran logro de todos los mexicanos. El Gobierno de la Rep\u00fablica habr\u00e1 de implementarla para asegurarle a cada mujer y hombre, en edad productiva, un espacio digno para trabajar y ganar el ingreso que requiere<\/p>\n<p>\u201c<b>La Reforma Laboral representa un avance importante de los varios que tenemos que lograr para llevar a M\u00e9xico a una nueva etapa de crecimiento econ\u00f3mico<\/b> sostenido y mayor al que hemos tenido en los \u00faltimos a\u00f1os\u201d, subray\u00f3.<\/p>\n<p>De ah\u00ed su afirmaci\u00f3n de que el a\u00f1o que apenas inicia, ser\u00e1 el de los acuerdos y las grandes reformas estructurales, \u201centre esas reformas, sin duda, est\u00e1n las que aqu\u00ed ya se han citado\u2026una <b>Reforma Hacendaria<\/b> para impulsar el crecimiento econ\u00f3mico; una <b>Reforma en materia de Seguridad Social<\/b> para asegurarnos que todos los mexicanos, sin importar si est\u00e1n en la formalidad o en la informalidad, porque todos los mexicanos tengan el beneficio de la seguridad social (y), una <b>Reforma Energ\u00e9tica<\/b> que permita potenciar nuestra capacidad productiva y generadora de energ\u00eda\u201d, indic\u00f3.<\/p>\n<p><b>El reto requiere de la participaci\u00f3n y apertura de todos, dijo.<\/b><\/p>\n<p><b>\u201cJuntos, trabajadores, empresarios y autoridade<\/b>s sumaremos esfuerzos para crecer, ser m\u00e1s competitivos y alcanzar mayores niveles de productividad.<\/p>\n<p><b>\u201cEn el Gobierno de la Rep\u00fablica el manejo responsable de las finanzas ser\u00e1 la base para lograr un mayor crecimiento econ\u00f3mico en beneficio de todos los mexicanos.<\/b><\/p>\n<p>\u201cA diferencia de ocasiones anteriores, las eventuales amenazas sobre nuestra econom\u00eda no son por razones internas, sino por factores externos\u201d, explic\u00f3.<\/p>\n<p>En este punto reconoci\u00f3 el acuerdo del Congreso y el gobierno de Estados Unidos que evit\u00f3 profundizar la crisis financiera internacional.<\/p>\n<p>\u201cEsto nos deja ver que M\u00e9xico tiene que optar por <b>un mayor fortalecimiento a su mercado interno.<\/b> De estar menos expuesto a las amenazas de las econom\u00edas de otros pa\u00edses, o que se den en el orbe\u201d, indic\u00f3.<\/p>\n<p><b>\u201c<\/b>2013 debe ser un a\u00f1o de transformaci\u00f3n econ\u00f3mica para M\u00e9xico. Necesitamos <b>destrabar los cuellos de botella y liberar la energ\u00eda creadora de los sectores productivos del pa\u00eds\u201d, dijo.<\/b><\/p>\n<p>Durante el evento realizado en la sede de la Secretar\u00eda del Trabajo y acompa\u00f1ado por el titular del ramo, Alfonso Navarrete Prida as\u00ed como por el diputado Carlos Aceves del Olmo en representaci\u00f3n de los Trabajadores, y por el presidente saliente de Coparmex, Alberto Espinosa Desigaud, el Presidente de la Rep\u00fablica aprovech\u00f3 el encuentro para conversar directamente con ellos durante un recorrido por el sal\u00f3n.<\/p>\n","protected":false},"excerpt":{"rendered":"<p>El presidente Enrique Pe\u00f1a Nieto afirm\u00f3 ayer que 2013 ser\u00e1 para M\u00e9xico el a\u00f1o de los acuerdos que generar\u00e1n las reformas estructurales que transformar\u00e1n al pa\u00eds, y le permitir\u00e1n combatir con mayor eficacia los rezagos acumulados en pobreza, desigualdad, desempleo y alcanzar una debida protecci\u00f3n social para todos los mexicanos.<\/p>\n","protected":false},"author":1,"featured_media":0,"comment_status":"open","ping_status":"open","sticky":false,"template":"","format":"standard","meta":{"_monsterinsights_skip_tracking":false,"_monsterinsights_sitenote_active":false,"_monsterinsights_sitenote_note":"","_monsterinsights_sitenote_category":0,"footnotes":""},"categories":[17],"tags":[18,43673],"class_list":["post-115915","post","type-post","status-publish","format-standard","hentry","category-especiales","tag-enrique-pena-nieto","tag-nacional"],"_links":{"self":[{"href":"https:\/\/www.diarioimagen.net\/index.php?rest_route=\/wp\/v2\/posts\/115915","targetHints":{"allow":["GET"]}}],"collection":[{"href":"https:\/\/www.diarioimagen.net\/index.php?rest_route=\/wp\/v2\/posts"}],"about":[{"href":"https:\/\/www.diarioimagen.net\/index.php?rest_route=\/wp\/v2\/types\/post"}],"author":[{"embeddable":true,"href":"https:\/\/www.diarioimagen.net\/index.php?rest_route=\/wp\/v2\/users\/1"}],"replies":[{"embeddable":true,"href":"https:\/\/www.diarioimagen.net\/index.php?rest_route=%2Fwp%2Fv2%2Fcomments&post=115915"}],"version-history":[{"count":0,"href":"https:\/\/www.diarioimagen.net\/index.php?rest_route=\/wp\/v2\/posts\/115915\/revisions"}],"wp:attachment":[{"href":"https:\/\/www.diarioimagen.net\/index.php?rest_route=%2Fwp%2Fv2%2Fmedia&parent=115915"}],"wp:term":[{"taxonomy":"category","embeddable":true,"href":"https:\/\/www.diarioimagen.net\/index.php?rest_route=%2Fwp%2Fv2%2Fcategories&post=115915"},{"taxonomy":"post_tag","embeddable":true,"href":"https:\/\/www.diarioimagen.net\/index.php?rest_route=%2Fwp%2Fv2%2Ftags&post=115915"}],"curies":[{"name":"wp","href":"https:\/\/api.w.org\/{rel}","templated":true}]}}