{"id":116028,"date":"2013-01-07T00:06:29","date_gmt":"2013-01-07T06:06:29","guid":{"rendered":"http:\/\/www.diarioimagen.net\/?p=116028"},"modified":"2013-01-07T01:49:26","modified_gmt":"2013-01-07T07:49:26","slug":"reinician-clases-en-el-pais-35-millones-de-estudiantes","status":"publish","type":"post","link":"https:\/\/www.diarioimagen.net\/?p=116028","title":{"rendered":"Reinician clases en el pa\u00eds 35 millones de estudiantes"},"content":{"rendered":"<ul>\n<li><strong><em>Son alrededor de 25 millones 700 mil alumnos del nivel b\u00e1sico y 9 millones 800 mil de bachillerato y superior<\/em><\/strong><\/li>\n<\/ul>\n<div id=\"attachment_116110\" style=\"width: 250px\" class=\"wp-caption alignleft\"><a href=\"http:\/\/www.diarioimagen.net\/wp-content\/uploads\/2013\/01\/clases-2008.jpg\"><img loading=\"lazy\" decoding=\"async\" aria-describedby=\"caption-attachment-116110\" class=\"size-medium wp-image-116110\" alt=\"Hoy retornan a clases todos los alumnos de los niveles educativos, desde preescolar hasta los de superior.\" src=\"http:\/\/www.diarioimagen.net\/wp-content\/uploads\/2013\/01\/clases-2008-240x135.jpg\" width=\"240\" height=\"135\" \/><\/a><p id=\"caption-attachment-116110\" class=\"wp-caption-text\">Hoy retornan a clases todos los alumnos de los niveles educativos, desde preescolar hasta los de superior.<\/p><\/div>\n<p>Luego del periodo vacacional de invierno, 35 millones 500 mil alumnos de todo el pa\u00eds regresar\u00e1n a clases hoy, de acuerdo con el calendario escolar del ciclo 2012-2013, inform\u00f3 la Secretar\u00eda de Educaci\u00f3n P\u00fablica (SEP).<\/p>\n<p>Estudiantes del Sistema Educativo Nacional vuelven a las aulas para continuar con el segundo periodo del presente ciclo escolar, al que se incorporar\u00e1n 25 millones 700 mil estudiantes de los niveles preescolar, primaria y secundaria.<\/p>\n<p>Tambi\u00e9n reanudan labores 9 millones 800 mil alumnos de bachillerato, capacitaci\u00f3n para el trabajo y superior y un mill\u00f3n 800 mil maestros y directores de todos los niveles.<\/p>\n<p>La dependencia tambi\u00e9n destac\u00f3 que del 1 al 15 de febrero se llevar\u00e1n a cabo las preinscripciones para ingresar a los niveles preescolar, primero de primaria y de secundaria para el ciclo escolar 2013-2014.<\/p>\n<p>En un comunicado, la SEP dese\u00f3 \u00e9xito a todas las alumnas y alumnos de M\u00e9xico en su retorno a clases.<\/p>\n<p align=\"center\"><b>Vigilancia en el DF<\/b><\/p>\n<p>Por otra parte, con m\u00e1s de 17 mil uniformados, 2 mil 400 veh\u00edculos, siete helic\u00f3pteros y m\u00e1s de 13 mil c\u00e1maras de videovigilancia, la Secretar\u00eda de Seguridad P\u00fablica del Distrito Federal (SSPDF) aplicar\u00e1 hoy el operativo \u201cRegreso a clases 2013\u201d.<\/p>\n<p>La corporaci\u00f3n inform\u00f3 que el dispositivo iniciar\u00e1 a las 6:00 horas, a fin de velar por la seguridad de un mill\u00f3n 700 mil alumnos de educaci\u00f3n preescolar, primaria, secundaria, escuelas de nivel medio superior y superior registrados en las escuelas de la capital del pa\u00eds.<\/p>\n<p>En un comunicado, agreg\u00f3 que en las zonas escolares los uniformados de todos los sectores, Unidades de Protecci\u00f3n Ciudadana, Agrupamientos y de la Subsecretar\u00eda de Control de Tr\u00e1nsito, se encargar\u00e1n de proteger a alumnos, padres de familia, docentes y personal administrativo.<\/p>\n<p>De igual manera, las acciones estar\u00e1n encaminadas a agilizar la vialidad, evitar faltas al Reglamento de Tr\u00e1nsito Metropolitano y controlar el estacionamiento en vialidades aleda\u00f1as a planteles educativos.<\/p>\n<p>La Secretar\u00eda de Seguridad P\u00fablica capitalina se\u00f1al\u00f3 que estas acciones se enmarcan en las actividades preventivas del Operativo Navide\u00f1o 2012, que inici\u00f3 en diciembre pasado y concluir\u00e1 ma\u00f1ana lunes.<\/p>\n<p>El operativo, record\u00f3, incluye los entornos escolares, paraderos y estaciones del Sistema de Transporte Colectivo (STC) Metro, de Transportes El\u00e9ctricos, Metrob\u00fas y Red de Transporte de Pasajeros (RTP) para evitar il\u00edcitos.<\/p>\n<p>&nbsp;<\/p>\n","protected":false},"excerpt":{"rendered":"<p>Luego del periodo vacacional de invierno, 35 millones 500 mil alumnos de todo el pa\u00eds regresar\u00e1n a clases hoy, de acuerdo con el calendario escolar del ciclo 2012-2013, inform\u00f3 la Secretar\u00eda de Educaci\u00f3n P\u00fablica (SEP).<\/p>\n","protected":false},"author":3,"featured_media":0,"comment_status":"open","ping_status":"open","sticky":false,"template":"","format":"standard","meta":{"_monsterinsights_skip_tracking":false,"_monsterinsights_sitenote_active":false,"_monsterinsights_sitenote_note":"","_monsterinsights_sitenote_category":0,"footnotes":""},"categories":[3],"tags":[24434,2014,44,43673,1058],"class_list":["post-116028","post","type-post","status-publish","format-standard","hentry","category-nacional","tag-clases","tag-estudiantes","tag-mexico","tag-nacional","tag-secretaria-de-educacion-publica"],"_links":{"self":[{"href":"https:\/\/www.diarioimagen.net\/index.php?rest_route=\/wp\/v2\/posts\/116028","targetHints":{"allow":["GET"]}}],"collection":[{"href":"https:\/\/www.diarioimagen.net\/index.php?rest_route=\/wp\/v2\/posts"}],"about":[{"href":"https:\/\/www.diarioimagen.net\/index.php?rest_route=\/wp\/v2\/types\/post"}],"author":[{"embeddable":true,"href":"https:\/\/www.diarioimagen.net\/index.php?rest_route=\/wp\/v2\/users\/3"}],"replies":[{"embeddable":true,"href":"https:\/\/www.diarioimagen.net\/index.php?rest_route=%2Fwp%2Fv2%2Fcomments&post=116028"}],"version-history":[{"count":0,"href":"https:\/\/www.diarioimagen.net\/index.php?rest_route=\/wp\/v2\/posts\/116028\/revisions"}],"wp:attachment":[{"href":"https:\/\/www.diarioimagen.net\/index.php?rest_route=%2Fwp%2Fv2%2Fmedia&parent=116028"}],"wp:term":[{"taxonomy":"category","embeddable":true,"href":"https:\/\/www.diarioimagen.net\/index.php?rest_route=%2Fwp%2Fv2%2Fcategories&post=116028"},{"taxonomy":"post_tag","embeddable":true,"href":"https:\/\/www.diarioimagen.net\/index.php?rest_route=%2Fwp%2Fv2%2Ftags&post=116028"}],"curies":[{"name":"wp","href":"https:\/\/api.w.org\/{rel}","templated":true}]}}