{"id":116321,"date":"2015-01-07T00:03:07","date_gmt":"2015-01-07T06:03:07","guid":{"rendered":"http:\/\/www.diarioimagen.net\/?p=116321"},"modified":"2015-01-07T04:31:41","modified_gmt":"2015-01-07T10:31:41","slug":"colitis-3","status":"publish","type":"post","link":"https:\/\/www.diarioimagen.net\/?p=116321","title":{"rendered":"Colitis"},"content":{"rendered":"<p><a href=\"http:\/\/www.diarioimagen.net\/wp-content\/uploads\/2013\/01\/Colitis-2010.jpg\"><img loading=\"lazy\" decoding=\"async\" class=\"alignleft size-medium wp-image-116452\" style=\"margin-right: 9px; margin-bottom: 9px;\" src=\"http:\/\/www.diarioimagen.net\/wp-content\/uploads\/2013\/01\/Colitis-2010-240x179.jpg\" alt=\"Colitis-2010\" width=\"240\" height=\"179\" \/><\/a>La colitis es una hinchaz\u00f3n (inflamaci\u00f3n) del intestino grueso (colon), puede tener muchas causas diferentes, como: Infecciones, como las causadas por un virus, un par\u00e1sito e intoxicaci\u00f3n alimentaria debido a bacterias, trastornos inflamatorios (colitis ulcerativa y enfermedad de Crohn), falta de flujo sangu\u00edneo (colitis isqu\u00e9mica) o radiaci\u00f3n previa al intestino grueso.<\/p>\n<p>*** Haga ejercicio, si no puede practique caminar, esto estimula el buen funcionamiento del sistema digestivo. Procure no deprimirse. El tener actividades f\u00edsicas y sociales le ayuda a mejorar su estado de \u00e1nimo.<\/p>\n<p>*** H\u00e1gase an\u00e1lisis peri\u00f3dicamente para checar que no tenga par\u00e1sitos en el intestino. Desde los an\u00e1lisis de excremento, a los de reacciones febriles (estos le toman muestras de sangre).<\/p>\n<p>*** Como se ha dado cuenta\u00a0si padece colitis, tendr\u00e1 que cambiar h\u00e1bitos alimenticios. Tendr\u00e1 que trabajar en su \u00e1rea mental y f\u00edsica. Su cuerpo es un entorno con distintas \u00e1reas y todas tienen repercusi\u00f3n. Pero si cuida cada una de estas \u00e1reas los resultados empezar\u00e1n a mostrarse.<\/p>\n","protected":false},"excerpt":{"rendered":"<p>La colitis es una hinchaz\u00f3n (inflamaci\u00f3n) del intestino grueso (colon), puede tener muchas causas diferentes, como: Infecciones, como las causadas por un virus, un par\u00e1sito e intoxicaci\u00f3n alimentaria debido a bacterias, trastornos inflamatorios (colitis ulcerativa y enfermedad de Crohn), falta de flujo sangu\u00edneo (colitis isqu\u00e9mica) o radiaci\u00f3n previa al intestino grueso.<\/p>\n","protected":false},"author":1,"featured_media":0,"comment_status":"open","ping_status":"open","sticky":false,"template":"","format":"standard","meta":{"_monsterinsights_skip_tracking":false,"_monsterinsights_sitenote_active":false,"_monsterinsights_sitenote_note":"","_monsterinsights_sitenote_category":0,"footnotes":""},"categories":[13],"tags":[23975,43683,43692],"class_list":["post-116321","post","type-post","status-publish","format-standard","hentry","category-consejos","tag-colitis","tag-consejos","tag-salud"],"_links":{"self":[{"href":"https:\/\/www.diarioimagen.net\/index.php?rest_route=\/wp\/v2\/posts\/116321","targetHints":{"allow":["GET"]}}],"collection":[{"href":"https:\/\/www.diarioimagen.net\/index.php?rest_route=\/wp\/v2\/posts"}],"about":[{"href":"https:\/\/www.diarioimagen.net\/index.php?rest_route=\/wp\/v2\/types\/post"}],"author":[{"embeddable":true,"href":"https:\/\/www.diarioimagen.net\/index.php?rest_route=\/wp\/v2\/users\/1"}],"replies":[{"embeddable":true,"href":"https:\/\/www.diarioimagen.net\/index.php?rest_route=%2Fwp%2Fv2%2Fcomments&post=116321"}],"version-history":[{"count":0,"href":"https:\/\/www.diarioimagen.net\/index.php?rest_route=\/wp\/v2\/posts\/116321\/revisions"}],"wp:attachment":[{"href":"https:\/\/www.diarioimagen.net\/index.php?rest_route=%2Fwp%2Fv2%2Fmedia&parent=116321"}],"wp:term":[{"taxonomy":"category","embeddable":true,"href":"https:\/\/www.diarioimagen.net\/index.php?rest_route=%2Fwp%2Fv2%2Fcategories&post=116321"},{"taxonomy":"post_tag","embeddable":true,"href":"https:\/\/www.diarioimagen.net\/index.php?rest_route=%2Fwp%2Fv2%2Ftags&post=116321"}],"curies":[{"name":"wp","href":"https:\/\/api.w.org\/{rel}","templated":true}]}}