{"id":116539,"date":"2013-01-10T00:01:13","date_gmt":"2013-01-10T06:01:13","guid":{"rendered":"http:\/\/www.diarioimagen.net\/?p=116539"},"modified":"2013-01-10T02:21:08","modified_gmt":"2013-01-10T08:21:08","slug":"a-poco","status":"publish","type":"post","link":"https:\/\/www.diarioimagen.net\/?p=116539","title":{"rendered":"A poco"},"content":{"rendered":"<h2>Pol\u00edtica Spot<\/h2>\n<h5>Juan Manuel Maga\u00f1a<\/h5>\n<p><span><br \/>\nFuncionarios del gobierno federal ya negocian con dirigentes de PRI, PAN y PRD una serie de reformas que se van a presentar al Congreso de la Uni\u00f3n desde el primer semestre del a\u00f1o, como seguimiento del llamado Pacto por M\u00e9xico.<\/span><\/p>\n<p>Y ya hay hasta un Consejo Rector de dicho pacto.<\/p>\n<p>Los 95 temas que integran dicho acuerdo suponen al menos 66 enmiendas legales y entre los cambios prioritarios para los negociadores se encuentran la reforma en telecomunicaciones y enmiendas que deriven en apoyo a los estados y municipios altamente endeudados.<\/p>\n<p>Se ha reiterado que las reformas energ\u00e9tica y hacendaria se presentar\u00e1n al Legislativo en el segundo semestre de este a\u00f1o, aunque de inmediato se iniciar\u00e1 el an\u00e1lisis para la construcci\u00f3n de los anteproyectos de reforma.<\/p>\n<p>Con el fin de avanzar sin contratiempos se dejar\u00e1 para el final aquellos puntos en los que no haya coincidencias, en especial lo relativo a los impuestos. incluso hay cambios estructurales, precisamente en materia hacendaria, que tienen como plazo de conclusi\u00f3n de su aplicaci\u00f3n hasta el 2018.<\/p>\n<p>Tambi\u00e9n se prev\u00e9 una reforma en materia de seguridad p\u00fablica para dar cauce a la creaci\u00f3n de la Gendarmer\u00eda Nacional y del C\u00f3digo Penal \u00danico.<\/p>\n<p>Pero hablando en plata, no est\u00e1 claro cu\u00e1l es el sentido final que tendr\u00e1n esas reformas.<\/p>\n<p>Lo primero que no se ve es un esfuerzo de conjunto para acabar con la despiadada multiplicaci\u00f3n del n\u00famero de pobres que ha habido en el pa\u00eds, ni con la abusiva concentraci\u00f3n de la riqueza.<\/p>\n<p>Falta por saberse si lo relativo a telecomunicaciones permitir\u00e1 de veras romper el control oligop\u00f3lico del espectro radioel\u00e9ctrico o todo ser\u00e1 darle la vuelta a las cosas para que M\u00e9xico siga desinformado.<\/p>\n<p>Est\u00e1 por verse si habr\u00e1 un cobro justo de impuestos a los due\u00f1os de las grandes fortunas o permitir\u00e1n que el Estado siga ensa\u00f1\u00e1ndose con los contribuyentes cautivos y eliminando subsidios para los sectores m\u00e1s pobres de la sociedad.<\/p>\n<p>Habr\u00e1 que ver si de la industria petrolera nacional se lograr\u00e1 que adquiera su autosuficiencia financiera y la transparencia necesarias para su desarrollo o si, por el contrario, impulsar\u00e1n su traslado a manos privadas.<\/p>\n<p>Y ya veremos si es cierto que el Estado recupera la rector\u00eda en materia educativa o todo va a ser ceder la ense\u00f1anza p\u00fablica a intereses de particulares, para que masivamente se siga en la ignorancia.<\/p>\n<p>Todo eso es importante porque es la pobreza, la ignorancia, la desinformaci\u00f3n y la concentraci\u00f3n de riqueza y privilegios lo que da fundamento hoy por hoy al poder.<\/p>\n<p>Ir por lo contrario parecer\u00eda que el poder estuviese actuando en contra de su actual naturaleza, pues emerger\u00eda un pa\u00eds que lo primero que cuestionar\u00eda ser\u00eda la desigualdad y el oscurantismo con que se ha vivido en los \u00faltimos 30 a\u00f1os, entre muchas otras cosas.<\/p>\n<p><em><a href=\"mailto: maganapalace@yahoo.com.mx\" target=\"_blank\">maganapalace@yahoo.com.mx<\/a><\/em><\/p>\n","protected":false},"excerpt":{"rendered":"<p><span style=\"color: #005497;\"><strong>Juan Manuel Maga\u00f1a<\/strong><\/span><\/p>\n","protected":false},"author":1,"featured_media":0,"comment_status":"open","ping_status":"open","sticky":false,"template":"","format":"standard","meta":{"_monsterinsights_skip_tracking":false,"_monsterinsights_sitenote_active":false,"_monsterinsights_sitenote_note":"","_monsterinsights_sitenote_category":0,"footnotes":""},"categories":[22905],"tags":[43709,43674,22904,18768],"class_list":["post-116539","post","type-post","status-publish","format-standard","hentry","category-juan-manuel-magana","tag-juan-manuel-magana","tag-opinion","tag-politica-spot","tag-reformas"],"_links":{"self":[{"href":"https:\/\/www.diarioimagen.net\/index.php?rest_route=\/wp\/v2\/posts\/116539","targetHints":{"allow":["GET"]}}],"collection":[{"href":"https:\/\/www.diarioimagen.net\/index.php?rest_route=\/wp\/v2\/posts"}],"about":[{"href":"https:\/\/www.diarioimagen.net\/index.php?rest_route=\/wp\/v2\/types\/post"}],"author":[{"embeddable":true,"href":"https:\/\/www.diarioimagen.net\/index.php?rest_route=\/wp\/v2\/users\/1"}],"replies":[{"embeddable":true,"href":"https:\/\/www.diarioimagen.net\/index.php?rest_route=%2Fwp%2Fv2%2Fcomments&post=116539"}],"version-history":[{"count":0,"href":"https:\/\/www.diarioimagen.net\/index.php?rest_route=\/wp\/v2\/posts\/116539\/revisions"}],"wp:attachment":[{"href":"https:\/\/www.diarioimagen.net\/index.php?rest_route=%2Fwp%2Fv2%2Fmedia&parent=116539"}],"wp:term":[{"taxonomy":"category","embeddable":true,"href":"https:\/\/www.diarioimagen.net\/index.php?rest_route=%2Fwp%2Fv2%2Fcategories&post=116539"},{"taxonomy":"post_tag","embeddable":true,"href":"https:\/\/www.diarioimagen.net\/index.php?rest_route=%2Fwp%2Fv2%2Ftags&post=116539"}],"curies":[{"name":"wp","href":"https:\/\/api.w.org\/{rel}","templated":true}]}}