{"id":116667,"date":"2013-01-10T00:06:31","date_gmt":"2013-01-10T06:06:31","guid":{"rendered":"http:\/\/www.diarioimagen.net\/?p=116667"},"modified":"2013-01-10T02:48:23","modified_gmt":"2013-01-10T08:48:23","slug":"ratifican-a-medina-mora-como-embajador-en-eu","status":"publish","type":"post","link":"https:\/\/www.diarioimagen.net\/?p=116667","title":{"rendered":"Ratifican a Medina Mora como embajador en EU"},"content":{"rendered":"<ul>\n<li><strong><em>El pleno de la Comisi\u00f3n Permanente lo aval\u00f3 con s\u00f3lo cuatro abstenciones de los legisladores<\/em><\/strong><\/li>\n<\/ul>\n<div id=\"attachment_116669\" style=\"width: 250px\" class=\"wp-caption alignleft\"><a href=\"http:\/\/www.diarioimagen.net\/wp-content\/uploads\/2013\/01\/Medina-2011.jpg\"><img loading=\"lazy\" decoding=\"async\" aria-describedby=\"caption-attachment-116669\" class=\"size-medium wp-image-116669\" alt=\"Momento en que el nuevo embajador de M\u00e9xico ante la Uni\u00f3n Americana, Eduardo Medina Mora, rinde protesta de ley ante la Comisi\u00f3n Permanente del Congreso.\" src=\"http:\/\/www.diarioimagen.net\/wp-content\/uploads\/2013\/01\/Medina-2011-240x135.jpg\" width=\"240\" height=\"135\" \/><\/a><p id=\"caption-attachment-116669\" class=\"wp-caption-text\">Momento en que el nuevo embajador de M\u00e9xico ante la Uni\u00f3n Americana, Eduardo Medina Mora, rinde protesta de ley ante la Comisi\u00f3n Permanente del Congreso.<\/p><\/div>\n<p>La Comisi\u00f3n Permanente del Congreso de la Uni\u00f3n ratific\u00f3 a Eduardo Tom\u00e1s Medina Mora Icaza como embajador de M\u00e9xico en Estados Unidos.<\/p>\n<p>Despu\u00e9s de la aprobaci\u00f3n de los legisladores, el ex procurador general de la Rep\u00fablica rindi\u00f3 la protesta de ley como representante diplom\u00e1tico del pa\u00eds ante Washington.<\/p>\n<p>Con cuatro abstenciones, el pleno de la Comisi\u00f3n Permanente aprob\u00f3 el acuerdo mediante el cual el titular del Ejecutivo federal design\u00f3 como embajador extraordinario y plenipotenciario de M\u00e9xico en Estados Unidos a \u00a0Medina Mora.<\/p>\n<p>Posterior a este hecho, el diplom\u00e1tico entr\u00f3 al pleno de la Comisi\u00f3n Permanente que sesiona en el Sal\u00f3n Legisladores de San L\u00e1zaro, para rendir protesta.<\/p>\n<p>En su primer mensaje como representante diplom\u00e1tico en Estados Unidos, Medina Mora\u00a0anunci\u00f3 que se abre una ventana para lograr un acuerdo migratorio con ese pa\u00eds y ofrecer con ello mejores garant\u00edas para los mexicanos que se encuentran all\u00e1.<\/p>\n<p>Tambi\u00e9n indic\u00f3 que se inicia una nueva etapa promisoria para ambas naciones, y lograr nuevas oportunidades de desarrollo comercial y de crecimiento econ\u00f3mico.<\/p>\n<p>En entrevista, el ex procurador general de la Rep\u00fablica dijo que la relaci\u00f3n M\u00e9xico-EU es muy compleja, pero tambi\u00e9n existen enormes facilidades para consolidar ese acercamiento.<\/p>\n","protected":false},"excerpt":{"rendered":"<p>La Comisi\u00f3n Permanente del Congreso de la Uni\u00f3n ratific\u00f3 a Eduardo Tom\u00e1s Medina Mora Icaza como embajador de M\u00e9xico en Estados Unidos.<\/p>\n","protected":false},"author":1,"featured_media":0,"comment_status":"open","ping_status":"open","sticky":false,"template":"","format":"standard","meta":{"_monsterinsights_skip_tracking":false,"_monsterinsights_sitenote_active":false,"_monsterinsights_sitenote_note":"","_monsterinsights_sitenote_category":0,"footnotes":""},"categories":[3],"tags":[25769,43673],"class_list":["post-116667","post","type-post","status-publish","format-standard","hentry","category-nacional","tag-medina-mora","tag-nacional"],"_links":{"self":[{"href":"https:\/\/www.diarioimagen.net\/index.php?rest_route=\/wp\/v2\/posts\/116667","targetHints":{"allow":["GET"]}}],"collection":[{"href":"https:\/\/www.diarioimagen.net\/index.php?rest_route=\/wp\/v2\/posts"}],"about":[{"href":"https:\/\/www.diarioimagen.net\/index.php?rest_route=\/wp\/v2\/types\/post"}],"author":[{"embeddable":true,"href":"https:\/\/www.diarioimagen.net\/index.php?rest_route=\/wp\/v2\/users\/1"}],"replies":[{"embeddable":true,"href":"https:\/\/www.diarioimagen.net\/index.php?rest_route=%2Fwp%2Fv2%2Fcomments&post=116667"}],"version-history":[{"count":0,"href":"https:\/\/www.diarioimagen.net\/index.php?rest_route=\/wp\/v2\/posts\/116667\/revisions"}],"wp:attachment":[{"href":"https:\/\/www.diarioimagen.net\/index.php?rest_route=%2Fwp%2Fv2%2Fmedia&parent=116667"}],"wp:term":[{"taxonomy":"category","embeddable":true,"href":"https:\/\/www.diarioimagen.net\/index.php?rest_route=%2Fwp%2Fv2%2Fcategories&post=116667"},{"taxonomy":"post_tag","embeddable":true,"href":"https:\/\/www.diarioimagen.net\/index.php?rest_route=%2Fwp%2Fv2%2Ftags&post=116667"}],"curies":[{"name":"wp","href":"https:\/\/api.w.org\/{rel}","templated":true}]}}