{"id":116732,"date":"2013-01-11T00:07:32","date_gmt":"2013-01-11T06:07:32","guid":{"rendered":"http:\/\/www.diarioimagen.net\/?p=116732"},"modified":"2013-01-11T03:54:55","modified_gmt":"2013-01-11T09:54:55","slug":"ley-de-victimas-sera-un-modelo-a-seguir-dice-murillo-karam","status":"publish","type":"post","link":"https:\/\/www.diarioimagen.net\/?p=116732","title":{"rendered":"Ley de V\u00edctimas ser\u00e1 un modelo a seguir, dice Murillo Karam"},"content":{"rendered":"<ul>\n<li><em><strong>El titular de la PGR se\u00f1ala que M\u00e9xico es pionero en la protecci\u00f3n de las garant\u00edas individuales<\/strong><\/em><\/li>\n<\/ul>\n<div id=\"attachment_116836\" style=\"width: 250px\" class=\"wp-caption alignleft\"><a href=\"http:\/\/www.diarioimagen.net\/wp-content\/uploads\/2013\/01\/murillo-2012.jpg\"><img loading=\"lazy\" decoding=\"async\" aria-describedby=\"caption-attachment-116836\" class=\"size-medium wp-image-116836\" alt=\"El procurador general de la Rep\u00fablica, Jesus Murillo Karam, considera que la Ley de V\u00edctimas es un modelo a seguir.\" src=\"http:\/\/www.diarioimagen.net\/wp-content\/uploads\/2013\/01\/murillo-2012-240x135.jpg\" width=\"240\" height=\"135\" \/><\/a><p id=\"caption-attachment-116836\" class=\"wp-caption-text\">El procurador general de la Rep\u00fablica, Jesus Murillo Karam, considera que la Ley de V\u00edctimas es un modelo a seguir.<\/p><\/div>\n<p>El procurador general de la Rep\u00fablica, Jes\u00fas Murillo Karam, se\u00f1al\u00f3 que con la publicaci\u00f3n de la Ley General de V\u00edctimas, M\u00e9xico es pionero en la protecci\u00f3n de garant\u00edas y una vez que se perfeccione, consider\u00f3 ser\u00e1 un modelo a aplicar.<\/p>\n<p>Con esta acci\u00f3n en el pa\u00eds se abre un espacio en lo referente a los derechos de nueva generaci\u00f3n, con lo que empieza a ser pionero en planteamientos de este tipo, expuso.<\/p>\n<p>El funcionario mencion\u00f3 que desde que la ley se aprob\u00f3 por unanimidad tanto en la C\u00e1mara de Diputados como en el Senado de la Rep\u00fablica, se coincidi\u00f3 en que este ordenamiento es perfectible.<\/p>\n<p>Tambi\u00e9n se convino en que hab\u00eda tiempo suficiente para analizar las reformas, lo que se ha hecho desde entonces y ya existen muchos acuerdos en c\u00f3mo se puede perfeccionar, resalt\u00f3 el titular de la Procuradur\u00eda General de la Rep\u00fablica (PGR).<\/p>\n<p>En entrevista, Murillo Karam destac\u00f3 que en la ley existen aspectos a tratar, entre ellos el apoyo econ\u00f3mico a quienes han sufrido la p\u00e9rdida de un ser querido por un hecho violento y las acciones que puede desarrollar el Estado en materias de prevenci\u00f3n y de auxilio a las v\u00edctimas.<\/p>\n<p>Dicha legislaci\u00f3n se enmarca \u201cel uso adecuado de nuestro sistema de seguridad social, de los sistemas de salud, de nuestro sistema de prevenci\u00f3n y auspiciamiento del desarrollo. En todo esto la ley hace \u00e9nfasis y genera tambi\u00e9n \u00f3rganos que nos garanticen que no se abuse de ellas\u201d.<\/p>\n<p>Sin embargo, \u201ctiene l\u00edmites, tiene muchos l\u00edmites para que el Estado tampoco se quede desprotegido\u201d, por lo que el apoyo subsidiario que se da no puede rebasar los 500 salarios m\u00ednimos, abund\u00f3 Murillo Karam.<\/p>\n<p>El procurador nacional mencion\u00f3 que la instancia a su cargo utilizar\u00e1 todos los mecanismos y acceder\u00e1 a los protocolos m\u00e1s adecuados que hay en el mundo para encontrar soluciones, aunque dif\u00edcilmente se llegar\u00e1 a tener el ciento por ciento de estas soluciones.<\/p>\n<p>Puntualiz\u00f3 que tiene la instrucci\u00f3n del presidente de la Rep\u00fablica, Enrique Pe\u00f1a Nieto, y la convicci\u00f3n personal de que se har\u00e1 todo lo posible y \u201centender el drama que implica para una persona no saber en qu\u00e9 acab\u00f3 la vida de alguien que est\u00e1 cercano a ella\u201d.<\/p>\n<p>&nbsp;<\/p>\n","protected":false},"excerpt":{"rendered":"<p>El procurador general de la Rep\u00fablica, Jes\u00fas Murillo Karam, se\u00f1al\u00f3 que con la publicaci\u00f3n de la Ley General de V\u00edctimas, M\u00e9xico es pionero en la protecci\u00f3n de garant\u00edas y una vez que se perfeccione, consider\u00f3 ser\u00e1 un modelo a aplicar.<\/p>\n","protected":false},"author":1,"featured_media":0,"comment_status":"open","ping_status":"open","sticky":false,"template":"","format":"standard","meta":{"_monsterinsights_skip_tracking":false,"_monsterinsights_sitenote_active":false,"_monsterinsights_sitenote_note":"","_monsterinsights_sitenote_category":0,"footnotes":""},"categories":[3],"tags":[5428,43673],"class_list":["post-116732","post","type-post","status-publish","format-standard","hentry","category-nacional","tag-jesus-murillo-karam","tag-nacional"],"_links":{"self":[{"href":"https:\/\/www.diarioimagen.net\/index.php?rest_route=\/wp\/v2\/posts\/116732","targetHints":{"allow":["GET"]}}],"collection":[{"href":"https:\/\/www.diarioimagen.net\/index.php?rest_route=\/wp\/v2\/posts"}],"about":[{"href":"https:\/\/www.diarioimagen.net\/index.php?rest_route=\/wp\/v2\/types\/post"}],"author":[{"embeddable":true,"href":"https:\/\/www.diarioimagen.net\/index.php?rest_route=\/wp\/v2\/users\/1"}],"replies":[{"embeddable":true,"href":"https:\/\/www.diarioimagen.net\/index.php?rest_route=%2Fwp%2Fv2%2Fcomments&post=116732"}],"version-history":[{"count":0,"href":"https:\/\/www.diarioimagen.net\/index.php?rest_route=\/wp\/v2\/posts\/116732\/revisions"}],"wp:attachment":[{"href":"https:\/\/www.diarioimagen.net\/index.php?rest_route=%2Fwp%2Fv2%2Fmedia&parent=116732"}],"wp:term":[{"taxonomy":"category","embeddable":true,"href":"https:\/\/www.diarioimagen.net\/index.php?rest_route=%2Fwp%2Fv2%2Fcategories&post=116732"},{"taxonomy":"post_tag","embeddable":true,"href":"https:\/\/www.diarioimagen.net\/index.php?rest_route=%2Fwp%2Fv2%2Ftags&post=116732"}],"curies":[{"name":"wp","href":"https:\/\/api.w.org\/{rel}","templated":true}]}}