{"id":116773,"date":"2013-01-11T00:01:10","date_gmt":"2013-01-11T06:01:10","guid":{"rendered":"http:\/\/www.diarioimagen.net\/?p=116773"},"modified":"2013-01-14T02:02:42","modified_gmt":"2013-01-14T08:02:42","slug":"regresan-a-mexico-los-jonas-brothers","status":"publish","type":"post","link":"https:\/\/www.diarioimagen.net\/?p=116773","title":{"rendered":"Regresan a M\u00e9xico los Jonas Brothers"},"content":{"rendered":"<ul>\n<li><em><strong>La banda tocar\u00e1 el 22 de febrero en el Palacio de los Deportes y el 20 de febrero en el Auditorio Banamex de Monterrey <\/strong><\/em><\/li>\n<li><em><strong>Los boletos estar\u00e1n a la venta para tarjeta habientes Banamex el jueves 17 de enero y para el p\u00fablico en general a partir del 19 de enero<\/strong><\/em><\/li>\n<\/ul>\n<h6>Gloria Carpio<\/h6>\n<div id=\"attachment_116814\" style=\"width: 250px\" class=\"wp-caption alignleft\"><a href=\"http:\/\/www.diarioimagen.net\/wp-content\/uploads\/2013\/01\/jonas-brothers-2012.jpg\"><img loading=\"lazy\" decoding=\"async\" aria-describedby=\"caption-attachment-116814\" class=\"size-medium wp-image-116814\" alt=\"\u201cNo podemos pensar en una mejor manera de empezar el a\u00f1o que estando de gira otra vez. Estamos muy emocionados de ver a nuestros fans en Latinoam\u00e9rica y compartir nuestra m\u00fasica con ellos nuevamente,\u201d dijo el grupo.\" src=\"http:\/\/www.diarioimagen.net\/wp-content\/uploads\/2013\/01\/jonas-brothers-2012-240x135.jpg\" width=\"240\" height=\"135\" \/><\/a><p id=\"caption-attachment-116814\" class=\"wp-caption-text\">\u201cNo podemos pensar en una mejor manera de empezar el a\u00f1o que estando de gira otra vez. Estamos muy emocionados de ver a nuestros fans en Latinoam\u00e9rica y compartir nuestra m\u00fasica con ellos nuevamente,\u201d dijo el grupo.<\/p><\/div>\n<p>La agrupaci\u00f3n de rock m\u00e1s exitosa de la Uni\u00f3n Americana Jonas Brothers incluir\u00e1 a M\u00e9xico en su gira por el continente y anunciaron que el 22 de febrero estar\u00e1 ofreciendo un concierto en el Palacio de los Deportes.<\/p>\n<p>Recientemente este famos\u00edsimo conjunto agot\u00f3 la fecha de su presentaci\u00f3n en Radio City Hall de Nueva York y los empresarios abrieron tres nuevas fechas consecutivas. Kevin, Joe y Nicck Jonas han vendido 20 millones de discos y ha recibido 50 premios mundiales a lo largo de su carrera que se reduce a siete a\u00f1os.<\/p>\n<p>El primer \u00e1lbum de los hermanos Jonas incluy\u00f3 el sencillo <i>SOS<\/i>, melod\u00eda que de inmediato se ubic\u00f3 en el primer sitio en iTune, mientras que el CD se ubic\u00f3 en las listas de Billboard y fue certificado con Doble Platino.<\/p>\n<p>Con el lanzamiento de su segundo \u00e1lbum titulado <i>A Little Bit Longer<\/i>, los hermanos Jonas se convirtieron en el primer grupo en colocar tres discos en el Top 10 de Billboard.<\/p>\n<p>Este grupo posee un r\u00e9cord Guinness, por ser el grupo que ha colocado la mayor cantidad de sencillos en el Top 10 de Estados Unidos, con cinco en el 2009.<\/p>\n<p>Los boletos estar\u00e1n a la venta para tarjeta habientes Banamex el jueves, 17 de enero y para el p\u00fablico en general a partir del 19 de enero. Boletos a la venta por www.ticketmaster.com.mx o al tel\u00e9fono 53259000. La venta para el club de fans oficial de jonas Brothers dar\u00e1 inicio el martes, 15 de enero a las 11am en jonasbrothersfanclub.com\u00a0Visita la p\u00e1gina para mayor informaci\u00f3n sobre preventas y membres\u00edas del club de fans.<\/p>\n<p>&nbsp;<\/p>\n","protected":false},"excerpt":{"rendered":"<p>La agrupaci\u00f3n de rock m\u00e1s exitosa de la Uni\u00f3n Americana Jonas Brothers incluir\u00e1 a M\u00e9xico en su gira por el continente y anunciaron que el 22 de febrero estar\u00e1 ofreciendo un concierto en el Palacio de los Deportes. Recientemente este famos\u00edsimo conjunto agot\u00f3 la fecha de su presentaci\u00f3n en Radio City Hall de Nueva York y los empresarios abrieron tres nuevas fechas consecutivas. Kevin, Joe y Nicck Jonas han vendido 20 millones de discos y ha recibido 50 premios mundiales a lo largo de su carrera que se reduce a siete a\u00f1os.<\/p>\n","protected":false},"author":3,"featured_media":0,"comment_status":"open","ping_status":"open","sticky":false,"template":"","format":"standard","meta":{"_monsterinsights_skip_tracking":false,"_monsterinsights_sitenote_active":false,"_monsterinsights_sitenote_note":"","_monsterinsights_sitenote_category":0,"footnotes":""},"categories":[17,12],"tags":[43682,60,25776,44,3335],"class_list":["post-116773","post","type-post","status-publish","format-standard","hentry","category-especiales","category-espectaculos","tag-espectaculos","tag-gloria-carpio","tag-jonas-brothers","tag-mexico","tag-union-americana"],"_links":{"self":[{"href":"https:\/\/www.diarioimagen.net\/index.php?rest_route=\/wp\/v2\/posts\/116773","targetHints":{"allow":["GET"]}}],"collection":[{"href":"https:\/\/www.diarioimagen.net\/index.php?rest_route=\/wp\/v2\/posts"}],"about":[{"href":"https:\/\/www.diarioimagen.net\/index.php?rest_route=\/wp\/v2\/types\/post"}],"author":[{"embeddable":true,"href":"https:\/\/www.diarioimagen.net\/index.php?rest_route=\/wp\/v2\/users\/3"}],"replies":[{"embeddable":true,"href":"https:\/\/www.diarioimagen.net\/index.php?rest_route=%2Fwp%2Fv2%2Fcomments&post=116773"}],"version-history":[{"count":0,"href":"https:\/\/www.diarioimagen.net\/index.php?rest_route=\/wp\/v2\/posts\/116773\/revisions"}],"wp:attachment":[{"href":"https:\/\/www.diarioimagen.net\/index.php?rest_route=%2Fwp%2Fv2%2Fmedia&parent=116773"}],"wp:term":[{"taxonomy":"category","embeddable":true,"href":"https:\/\/www.diarioimagen.net\/index.php?rest_route=%2Fwp%2Fv2%2Fcategories&post=116773"},{"taxonomy":"post_tag","embeddable":true,"href":"https:\/\/www.diarioimagen.net\/index.php?rest_route=%2Fwp%2Fv2%2Ftags&post=116773"}],"curies":[{"name":"wp","href":"https:\/\/api.w.org\/{rel}","templated":true}]}}