{"id":116777,"date":"2013-01-11T00:06:09","date_gmt":"2013-01-11T06:06:09","guid":{"rendered":"http:\/\/www.diarioimagen.net\/?p=116777"},"modified":"2013-01-11T03:55:51","modified_gmt":"2013-01-11T09:55:51","slug":"hacienda-propondra-una-reforma-fiscal-integral","status":"publish","type":"post","link":"https:\/\/www.diarioimagen.net\/?p=116777","title":{"rendered":"Hacienda propondr\u00e1 una reforma fiscal integral"},"content":{"rendered":"<ul>\n<li><strong><em>Entre sus objetivos tendr\u00e1 el de lograr un sistema tributario m\u00e1s justo, donde pague m\u00e1s quien perciba mayores ingresos<\/em><\/strong><\/li>\n<\/ul>\n<div id=\"attachment_116839\" style=\"width: 250px\" class=\"wp-caption alignleft\"><a href=\"http:\/\/www.diarioimagen.net\/wp-content\/uploads\/2013\/01\/Videgaray-2012.jpg\"><img loading=\"lazy\" decoding=\"async\" aria-describedby=\"caption-attachment-116839\" class=\"size-medium wp-image-116839\" alt=\"Luis Videgaray Caso, secretario de Hacienda.\" src=\"http:\/\/www.diarioimagen.net\/wp-content\/uploads\/2013\/01\/Videgaray-2012-240x135.jpg\" width=\"240\" height=\"135\" \/><\/a><p id=\"caption-attachment-116839\" class=\"wp-caption-text\">Luis Videgaray Caso, secretario de Hacienda.<\/p><\/div>\n<p>La propuesta de reforma fiscal del gobierno federal tendr\u00e1 entre sus objetivos lograr un sistema tributario m\u00e1s justo, en donde paguen m\u00e1s los que ganan m\u00e1s, adelant\u00f3 el titular de la Secretar\u00eda de Hacienda y Cr\u00e9dito P\u00fablico (SHCP), Luis Videgaray Caso.<\/p>\n<p>Entrevistado tras clausurar los trabajos del Foro M\u00e9xico 2013, agreg\u00f3 que la propuesta tambi\u00e9n tendr\u00e1 como prop\u00f3sito fortalecer la capacidad del Estado mexicano para atender temas de salud, educaci\u00f3n e infraestructura; adem\u00e1s de que promueva la competitividad.<\/p>\n<p>Destac\u00f3 que esta reforma se est\u00e1 trabajando dentro de la agenda del Pacto por M\u00e9xico en un \u00e1mbito colectivo con las principales fuerzas pol\u00edticas, para crear una reforma que cumpla estos tres objetivos.<\/p>\n<p>\u201cEl primero, sin duda, fortalecer la capacidad del Estado mexicano para hacer lo que el Estado debe de hacer. (&#8230;) Tambi\u00e9n para tener un sistema m\u00e1s justo, un sistema en donde paguen m\u00e1s los que ganan m\u00e1s y contribuyan m\u00e1s al gasto p\u00fablico, y finalmente una reforma que nos de m\u00e1s competitividad\u201d, afirm\u00f3.<\/p>\n<p>Asimismo, afirm\u00f3 que es necesario democratizar la productividad para que m\u00e1s mexicanos tengan mayores y mejores niveles de bienestar.<\/p>\n<p>Al participar en la clausura del Foro M\u00e9xico 2013, pol\u00edticas p\u00fablicas para un desarrollo incluyente, dijo que para ello se requiere de una reforma fiscal integral que le d\u00e9 al gobierno los recursos necesarios para cumplir con las demandas sociales de la poblaci\u00f3n.<\/p>\n<p>Indic\u00f3 que se requiere una reforma fiscal integral en la que las empresas que obtengan mayores utilidades paguen m\u00e1s impuestos. Tambi\u00e9n dijo que se debe democratizar el cr\u00e9dito porque pese a que tenemos una banca s\u00f3lida, la penetraci\u00f3n crediticia en la econom\u00eda es de apenas del 26 por ciento como proporci\u00f3n del Producto Interno Bruto (PIB), nivel menor a pa\u00edses de similar desarrollo como Chile.<\/p>\n<p>&nbsp;<\/p>\n","protected":false},"excerpt":{"rendered":"<p>La propuesta de reforma fiscal del gobierno federal tendr\u00e1 entre sus objetivos lograr un sistema tributario m\u00e1s justo, en donde paguen m\u00e1s los que ganan m\u00e1s, adelant\u00f3 el titular de la Secretar\u00eda de Hacienda y Cr\u00e9dito P\u00fablico (SHCP), Luis Videgaray Caso.<\/p>\n","protected":false},"author":3,"featured_media":0,"comment_status":"open","ping_status":"open","sticky":false,"template":"","format":"standard","meta":{"_monsterinsights_skip_tracking":false,"_monsterinsights_sitenote_active":false,"_monsterinsights_sitenote_note":"","_monsterinsights_sitenote_category":0,"footnotes":""},"categories":[3],"tags":[7517,20361,1102],"class_list":["post-116777","post","type-post","status-publish","format-standard","hentry","category-nacional","tag-luis-videgaray-caso","tag-nacion-al","tag-shcp"],"_links":{"self":[{"href":"https:\/\/www.diarioimagen.net\/index.php?rest_route=\/wp\/v2\/posts\/116777","targetHints":{"allow":["GET"]}}],"collection":[{"href":"https:\/\/www.diarioimagen.net\/index.php?rest_route=\/wp\/v2\/posts"}],"about":[{"href":"https:\/\/www.diarioimagen.net\/index.php?rest_route=\/wp\/v2\/types\/post"}],"author":[{"embeddable":true,"href":"https:\/\/www.diarioimagen.net\/index.php?rest_route=\/wp\/v2\/users\/3"}],"replies":[{"embeddable":true,"href":"https:\/\/www.diarioimagen.net\/index.php?rest_route=%2Fwp%2Fv2%2Fcomments&post=116777"}],"version-history":[{"count":0,"href":"https:\/\/www.diarioimagen.net\/index.php?rest_route=\/wp\/v2\/posts\/116777\/revisions"}],"wp:attachment":[{"href":"https:\/\/www.diarioimagen.net\/index.php?rest_route=%2Fwp%2Fv2%2Fmedia&parent=116777"}],"wp:term":[{"taxonomy":"category","embeddable":true,"href":"https:\/\/www.diarioimagen.net\/index.php?rest_route=%2Fwp%2Fv2%2Fcategories&post=116777"},{"taxonomy":"post_tag","embeddable":true,"href":"https:\/\/www.diarioimagen.net\/index.php?rest_route=%2Fwp%2Fv2%2Ftags&post=116777"}],"curies":[{"name":"wp","href":"https:\/\/api.w.org\/{rel}","templated":true}]}}