{"id":116902,"date":"2013-01-14T00:05:36","date_gmt":"2013-01-14T06:05:36","guid":{"rendered":"http:\/\/www.diarioimagen.net\/?p=116902"},"modified":"2013-01-15T01:06:49","modified_gmt":"2013-01-15T07:06:49","slug":"gobernacion-buscara-a-todos-los-desaparecidos","status":"publish","type":"post","link":"https:\/\/www.diarioimagen.net\/?p=116902","title":{"rendered":"Gobernaci\u00f3n buscar\u00e1 a todos los desaparecidos"},"content":{"rendered":"<ul>\n<li><strong><em>Reuni\u00f3n con familiares<\/em><\/strong><\/li>\n<\/ul>\n<div id=\"attachment_117001\" style=\"width: 250px\" class=\"wp-caption alignleft\"><a href=\"http:\/\/www.diarioimagen.net\/wp-content\/uploads\/2013\/01\/osorio-2013.jpg\"><img loading=\"lazy\" decoding=\"async\" aria-describedby=\"caption-attachment-117001\" class=\"size-medium wp-image-117001\" alt=\"El secretetario de Gobernaci\u00f3n, Miguel \u00c1ngel Osorio Chong, convers\u00f3 con parientes de gente afectada.\" src=\"http:\/\/www.diarioimagen.net\/wp-content\/uploads\/2013\/01\/osorio-2013-240x135.jpg\" width=\"240\" height=\"135\" \/><\/a><p id=\"caption-attachment-117001\" class=\"wp-caption-text\">El secretetario de Gobernaci\u00f3n, Miguel \u00c1ngel Osorio Chong, convers\u00f3 con parientes de gente afectada.<\/p><\/div>\n<p>El secretario de Gobernaci\u00f3n, Miguel \u00c1ngel Osorio Chong, se reuni\u00f3 con familiares de personas desaparecidas y se comprometi\u00f3 a establecer contacto con las instancias estatales correspondientes, para avanzar en las investigaciones, a fin de encontrarlos.<\/p>\n<p>Acompa\u00f1ado por la subsecretaria de Asuntos Jur\u00eddicos y Derechos Humanos de la dependencia, L\u00eda Lim\u00f3n, el titular de la Secretar\u00eda de Gobernaci\u00f3n (Segob) dijo: \u201cvamos a buscar a todos, porque es compromiso y convicci\u00f3n del presidente Enrique Pe\u00f1a Nieto\u201d.<\/p>\n<p>La b\u00fasqueda de las personas desaparecidas, se\u00f1al\u00f3 el funcionario federal, es un asunto de voluntad, misma que tiene este gobierno y que ha demostrado con hechos, prueba de ello es la publicaci\u00f3n de la Ley General de V\u00edctimas.<\/p>\n<p>En ese sentido, el encargado de la pol\u00edtica interna del pa\u00eds pidi\u00f3 complementar la base de datos que hasta hoy se tiene con la informaci\u00f3n del curso de las investigaciones que se llevan a cabo en cada una de las entidades del pa\u00eds.<\/p>\n<p>Lo anterior, dijo, con el prop\u00f3sito de conocer exactamente en qu\u00e9 van las investigaciones de cada caso y hacer contacto con las instancias estatales correspondientes, a fin de contribuir a agilizar las indagatorias.<\/p>\n<p>&nbsp;<\/p>\n","protected":false},"excerpt":{"rendered":"<p>El secretario de Gobernaci\u00f3n, Miguel \u00c1ngel Osorio Chong, se reuni\u00f3 con familiares de personas desaparecidas y se comprometi\u00f3 a establecer contacto con las instancias estatales correspondientes, para avanzar en las investigaciones, a fin de encontrarlos. Acompa\u00f1ado por la subsecretaria de Asuntos Jur\u00eddicos y Derechos Humanos de la dependencia, L\u00eda Lim\u00f3n, el titular de la Secretar\u00eda de Gobernaci\u00f3n (Segob) dijo: \u201cvamos a buscar a todos, porque es compromiso y convicci\u00f3n del presidente Enrique Pe\u00f1a Nieto\u201d.<\/p>\n","protected":false},"author":1,"featured_media":0,"comment_status":"open","ping_status":"open","sticky":false,"template":"","format":"standard","meta":{"_monsterinsights_skip_tracking":false,"_monsterinsights_sitenote_active":false,"_monsterinsights_sitenote_note":"","_monsterinsights_sitenote_category":0,"footnotes":""},"categories":[17,3],"tags":[3676,43673,442],"class_list":["post-116902","post","type-post","status-publish","format-standard","hentry","category-especiales","category-nacional","tag-miguel-angel-osorio-chong","tag-nacional","tag-secretaria-de-gobernacion"],"_links":{"self":[{"href":"https:\/\/www.diarioimagen.net\/index.php?rest_route=\/wp\/v2\/posts\/116902","targetHints":{"allow":["GET"]}}],"collection":[{"href":"https:\/\/www.diarioimagen.net\/index.php?rest_route=\/wp\/v2\/posts"}],"about":[{"href":"https:\/\/www.diarioimagen.net\/index.php?rest_route=\/wp\/v2\/types\/post"}],"author":[{"embeddable":true,"href":"https:\/\/www.diarioimagen.net\/index.php?rest_route=\/wp\/v2\/users\/1"}],"replies":[{"embeddable":true,"href":"https:\/\/www.diarioimagen.net\/index.php?rest_route=%2Fwp%2Fv2%2Fcomments&post=116902"}],"version-history":[{"count":0,"href":"https:\/\/www.diarioimagen.net\/index.php?rest_route=\/wp\/v2\/posts\/116902\/revisions"}],"wp:attachment":[{"href":"https:\/\/www.diarioimagen.net\/index.php?rest_route=%2Fwp%2Fv2%2Fmedia&parent=116902"}],"wp:term":[{"taxonomy":"category","embeddable":true,"href":"https:\/\/www.diarioimagen.net\/index.php?rest_route=%2Fwp%2Fv2%2Fcategories&post=116902"},{"taxonomy":"post_tag","embeddable":true,"href":"https:\/\/www.diarioimagen.net\/index.php?rest_route=%2Fwp%2Fv2%2Ftags&post=116902"}],"curies":[{"name":"wp","href":"https:\/\/api.w.org\/{rel}","templated":true}]}}