{"id":116911,"date":"2013-01-14T00:06:02","date_gmt":"2013-01-14T06:06:02","guid":{"rendered":"http:\/\/www.diarioimagen.net\/?p=116911"},"modified":"2013-01-14T01:37:26","modified_gmt":"2013-01-14T07:37:26","slug":"pri-buscara-agendar-demandas-ciudadanas","status":"publish","type":"post","link":"https:\/\/www.diarioimagen.net\/?p=116911","title":{"rendered":"PRI buscar\u00e1 agendar demandas ciudadanas"},"content":{"rendered":"<ul>\n<li><em><strong>Manlio Fabio Beltrones anuncia que los legisladores del tricolor realizar\u00e1n su reuni\u00f3n plenaria los d\u00edas 29 y 30 de enero<\/strong><\/em><\/li>\n<\/ul>\n<div id=\"attachment_116995\" style=\"width: 250px\" class=\"wp-caption alignleft\"><a href=\"http:\/\/www.diarioimagen.net\/wp-content\/uploads\/2013\/01\/beltrones-2013.jpg\"><img loading=\"lazy\" decoding=\"async\" aria-describedby=\"caption-attachment-116995\" class=\"size-medium wp-image-116995\" alt=\"Manlio Fabio Beltrones, coordinador de la bancada del PRI en San \u00e1zaro, anuncia su plenaria para el 29 de este mes.\" src=\"http:\/\/www.diarioimagen.net\/wp-content\/uploads\/2013\/01\/beltrones-2013-240x135.jpg\" width=\"240\" height=\"135\" \/><\/a><p id=\"caption-attachment-116995\" class=\"wp-caption-text\">Manlio Fabio Beltrones, coordinador de la bancada del PRI en San \u00e1zaro, anuncia su plenaria para el 29 de este mes.<\/p><\/div>\n<p>El coordinador de los diputados del PRI, Manlio Fabio Beltrones, anunci\u00f3 que los d\u00edas 29 y 30 de enero celebrar\u00e1n su reuni\u00f3n plenaria en la que buscan construir una agenda legislativa ciudadana enmarcada en el Pacto por M\u00e9xico.<\/p>\n<p>En un comunicado, precis\u00f3 que de cara al periodo ordinario de sesiones que se iniciar\u00e1 en febrero, en la plenaria del Grupo Parlamentario priista buscar\u00e1n integrar una agenda que incluya las demandas de la ciudadan\u00eda que se ven reflejadas en dicho acuerdo.<\/p>\n<p>Al respecto Beltrones Rivera se\u00f1al\u00f3 que los legisladores pri\u00edstas \u201cenfatizar\u00e1n la expectativa positiva que genera en la poblaci\u00f3n los acuerdos de la pluralidad\u201d en el pacto, as\u00ed como la importancia del Consejo Rector para asegurar su instrumentaci\u00f3n y evaluaci\u00f3n.<\/p>\n<p>Dijo que ello, crea un ambiente de colaboraci\u00f3n y responsabilidad entre los grupos parlamentarios que, sin duda, tambi\u00e9n servir\u00e1 para el tratamiento del conjunto de la agenda legislativa que los diputados priistas acordar\u00e1n los d\u00edas 29 y 30 del presente mes.<\/p>\n<p>El dirigente legislativo afirm\u00f3 que los diputados del Partido Revolucionario Institucional (PRI) asumir\u00e1n la responsabilidad partidista de hacer sus consensos emanados del Pacto por M\u00e9xico con el fin de enriquecer el trabajo de las comisiones.<\/p>\n<p>Al respecto, sostuvo que \u201cno cabe duda\u201d de que elaborar las leyes o reformas respectivas y procurar su aprobaci\u00f3n legislativa es la funci\u00f3n que corresponde a la representaci\u00f3n parlamentaria del partido en el gobierno.<\/p>\n<p>\u201cEl Pacto por M\u00e9xico est\u00e1 permitiendo construir acuerdos para la transformaci\u00f3n del pa\u00eds y corresponde al Congreso analizar y debatir sus enunciados y elaborar las leyes o reformas correspondientes\u201d, resalt\u00f3 el legislador.<\/p>\n<p>&nbsp;<\/p>\n","protected":false},"excerpt":{"rendered":"<p>El coordinador de los diputados del PRI, Manlio Fabio Beltrones, anunci\u00f3 que los d\u00edas 29 y 30 de enero celebrar\u00e1n su reuni\u00f3n plenaria en la que buscan construir una agenda legislativa ciudadana enmarcada en el Pacto por M\u00e9xico.<\/p>\n","protected":false},"author":1,"featured_media":0,"comment_status":"open","ping_status":"open","sticky":false,"template":"","format":"standard","meta":{"_monsterinsights_skip_tracking":false,"_monsterinsights_sitenote_active":false,"_monsterinsights_sitenote_note":"","_monsterinsights_sitenote_category":0,"footnotes":""},"categories":[3],"tags":[43673,25488,362],"class_list":["post-116911","post","type-post","status-publish","format-standard","hentry","category-nacional","tag-nacional","tag-pacto-por-mexico","tag-pri"],"_links":{"self":[{"href":"https:\/\/www.diarioimagen.net\/index.php?rest_route=\/wp\/v2\/posts\/116911","targetHints":{"allow":["GET"]}}],"collection":[{"href":"https:\/\/www.diarioimagen.net\/index.php?rest_route=\/wp\/v2\/posts"}],"about":[{"href":"https:\/\/www.diarioimagen.net\/index.php?rest_route=\/wp\/v2\/types\/post"}],"author":[{"embeddable":true,"href":"https:\/\/www.diarioimagen.net\/index.php?rest_route=\/wp\/v2\/users\/1"}],"replies":[{"embeddable":true,"href":"https:\/\/www.diarioimagen.net\/index.php?rest_route=%2Fwp%2Fv2%2Fcomments&post=116911"}],"version-history":[{"count":0,"href":"https:\/\/www.diarioimagen.net\/index.php?rest_route=\/wp\/v2\/posts\/116911\/revisions"}],"wp:attachment":[{"href":"https:\/\/www.diarioimagen.net\/index.php?rest_route=%2Fwp%2Fv2%2Fmedia&parent=116911"}],"wp:term":[{"taxonomy":"category","embeddable":true,"href":"https:\/\/www.diarioimagen.net\/index.php?rest_route=%2Fwp%2Fv2%2Fcategories&post=116911"},{"taxonomy":"post_tag","embeddable":true,"href":"https:\/\/www.diarioimagen.net\/index.php?rest_route=%2Fwp%2Fv2%2Ftags&post=116911"}],"curies":[{"name":"wp","href":"https:\/\/api.w.org\/{rel}","templated":true}]}}