{"id":116929,"date":"2013-01-14T00:07:30","date_gmt":"2013-01-14T06:07:30","guid":{"rendered":"http:\/\/www.diarioimagen.net\/?p=116929"},"modified":"2013-01-14T23:49:43","modified_gmt":"2013-01-15T05:49:43","slug":"renovacion-y-reestructuracion-de-partidos","status":"publish","type":"post","link":"https:\/\/www.diarioimagen.net\/?p=116929","title":{"rendered":"Renovaci\u00f3n y reestructuraci\u00f3n de partidos"},"content":{"rendered":"<h2>Tras la puerta del poder<\/h2>\n<h5>Roberto Vizca\u00edno<\/h5>\n<p>&nbsp;<\/p>\n<ul>\n<li><strong><i>La asamblea nacional de marzo servir\u00e1 para una reestructuraci\u00f3n profunda del PRI, afirman<\/i><\/strong><\/li>\n<li><strong><i>El PRD y PAN tambi\u00e9n efectuar\u00e1n cambios a sus estatutos y programas en los siguientes meses<\/i><\/strong><\/li>\n<li><strong><i>La negociaci\u00f3n de los acuerdos se da ahora dentro del Pacto por M\u00e9xico y no en el Congreso: Beltrones<\/i><\/strong><\/li>\n<\/ul>\n<p>En los pr\u00f3ximos meses, conforme ellos mismos lo anunciaron, habr\u00e1 un revuelo de asambleas y congresos para reestructurar, redefinir, renovar y relanzar al menos a los tres partidos pol\u00edticos mayoritarios: PRI, PAN y PRD.<\/p>\n<p>Al parejo caminar\u00e1n los registros de 2 nuevos partidos pol\u00edticos: el de Andr\u00e9s Manuel L\u00f3pez Obrador, Movimiento de Regeneraci\u00f3n Nacional popularmente conocido como Morena y el de ese conglomerado multi-ideol\u00f3gico integrado por Manuel Espino, Ren\u00e9 Arce, V\u00edctor Hugo C\u00edrigo y Jorge Carlos D\u00edaz Cuervo as\u00ed como otros muchos provenientes del troskismo, perreidismo, panismo, yunquismo y quien sabe cu\u00e1ntas corrientes m\u00e1s y que se registrar\u00e1 ante el IFE bajo el nombre de Concertaci\u00f3n Mexicana.<\/p>\n<p>Quedan como est\u00e1n el Partido Verde, el Partido del Trabajo, el Movimiento Ciudadano (antes Convergencia, propiedad de Dante Delgado) y el Partido Nueva Alianza, dominio de la familia de Elba Esther Gordillo.<\/p>\n<p>As\u00ed, si no hay cambio, quiz\u00e1 en diciembre o inicios del pr\u00f3ximo a\u00f1o tendremos en M\u00e9xico 9 partidos registrados: PRI, PAN, PRD, PVEM, PT, MC, Panal, Morena y Concertaci\u00f3n Mexicana.<\/p>\n<p>Con m\u00e1s experiencia, necesidades y poder, el PRI ser\u00e1 de nuevo el pionero en esta etapa de cambios.<\/p>\n<p>De acuerdo a lo acordado y firmado por su presidente el exgobernador mexiquense C\u00e9sar Camacho y por su secretaria general, la yucateca Ivonne Ortega Pacheco en presencia de unos 12 gobernadores durante el pasado fin de semana, el tricolor tendr\u00e1 su 21 Asamblea Nacional en la Ciudad de M\u00e9xico los d\u00edas 1, 2 y 3 de marzo para dar a conocer los cambios a que lleguen en su declaraci\u00f3n de principios, programa de acci\u00f3n, estatutos y estrategias y durante la celebraci\u00f3n de su 84 aniversario el lunes 4 de ese mes.<\/p>\n<p>De acuerdo a los adelantos que nos han dado sus dirigentes partidarios y el propio presidente de la Rep\u00fablica Enrique Pe\u00f1a Nieto, el PRI podr\u00eda tener en esta asamblea su cuarta gran transformaci\u00f3n.<\/p>\n<p>Dentro y fuera del PRI se recrimina su inmovilidad. El \u00faltimo cambio trascedente ocurri\u00f3 en la Asamblea Nacional realizada el 18, 19 y 20 enero de 1946 cuando el Partido de la Revoluci\u00f3n Mexicana, el PRM, le da vida al Partido Revolucionario Institucional.<\/p>\n<p>El antecedente de este cambio fue el realizado por el general L\u00e1zaro C\u00e1rdenas en 1933 cuando transform\u00f3 el Partido Nacional Revolucionario creado por Plutarco El\u00edas Calles apenas 4 a\u00f1os antes, en el PRM.<\/p>\n<p>Los cambios de ese entonces no fueron s\u00f3lo de siglas, sino de participaci\u00f3n. Esos cambios dejaron fuera de la contienda pol\u00edtica a los militares y en el transcurso se incorpor\u00f3 a los campesinos al tricolor con la participaci\u00f3n de la CNC como uno de sus sectores y posteriormente a la CNOP para darle espacios a las clases medias y universitarias a la contienda institucional por el ascenso al poder.<\/p>\n<p>La asamblea de marzo pr\u00f3ximo podr\u00eda prever cambios reales en la integraci\u00f3n de sectores del PRI y sus programas, se dice.<\/p>\n<p>Los viejos conceptos de lucha establecidos en sus principios de justicia social podr\u00edan derivar ahora en otros, que acerquen al PRI a j\u00f3venes, mujeres, y grupos vulnerables al tiempo que respondan a una modernidad marcada por el avance tecnol\u00f3gico y nuevos principios ideol\u00f3gicos m\u00e1s acordes con los de la socialdemocracia europea.<\/p>\n<p>La perspectiva de que las pr\u00f3ximas reestructuraciones y reorientaciones del PAN y el PRD, as\u00ed como el ingreso de Morena a la contienda por los espacios de poder por la v\u00eda institucional del voto y la sanci\u00f3n del IFE y el Trife les acorte sus apoyos ciudadanos, llevar\u00e1 al PRI a intentar ser un partido de respuesta amplia que lo mismo tenga programas para reclamos sociales que otros para clases medias m\u00e1s ligados tradicionalmente con los panistas.<\/p>\n<p>El reto es dar respuestas r\u00e1pidas y profundas tanto como gobierno, desde la Presidencia de la Rep\u00fablica, como partido, en las elecciones de los siguientes a\u00f1os, muy especialmente en las intermedias de 2015 y la presidencial y federal de 2018.<\/p>\n<p>Los pri\u00edstas saben que el triunfo de 2012 les qued\u00f3 corto. No obstante que lograron colocar a Enrique Pe\u00f1a Nieto en la Presidencia de la Rep\u00fablica con un margen de 3 millones de votos, no evitaron que Andr\u00e9s Manuel L\u00f3pez Obrador se les acercara riesgosamente.<\/p>\n<p>De igual forma a pesar de obtener los grupos mayoritarios en el Senado y la C\u00e1mara de Diputados, no pudieron remontar a los parlamentos divididos. En el Senado incluso se da el contrasentido de que los opositores, unidos, los rebasan y se les imponen.<\/p>\n<p>Los pri\u00edstas bajo el liderazgo de Pe\u00f1a Nieto exigen un verdadero golpe de tim\u00f3n, el cuarto gran cambio partidario desde su formaci\u00f3n en 1929, un cambio que derive en un partido moderno, integrador, ganador, un partido que garantice la permanencia del PRI durante al menos 2 o 3 sexenios m\u00e1s.<\/p>\n<p>Ese es el verdadero reto de esta dirigencia partidaria y de este Presidente de la Rep\u00fablica.<\/p>\n<p>Los de enfrente lo saben y van a intentar evitar dejarle a los pri\u00edstas renovados de Pe\u00f1a Nieto el campo tranquilo.<\/p>\n<p>En el PRD todo indica que en los pr\u00f3ximos meses habr\u00e1 tambi\u00e9n una Asamblea de refundaci\u00f3n, en la que al parecer Marcelo Ebrard intentar\u00e1, con grandes posibilidades de lograrlo, quedarse con la dirigencia nacional y con un partido con nuevos documentos b\u00e1sicos, es decir, con una redefinici\u00f3n ideol\u00f3gica y otros estatutos y programas, documentos que terminen con el predominio de las corrientes y tribus.<\/p>\n<p>Ebrard y Los Chuchos saben que sin esos cambios su partido tendr\u00e1 pocas oportunidades en la contienda intermedia de 2015, donde buscar\u00e1n colocarse como la segunda y verdadera fuerza-bisagra en el Congreso que operar\u00e1 de 2015 al 2018.<\/p>\n<p>Saben que deber\u00e1n luchar no s\u00f3lo contra el PRI renovado de Pe\u00f1a Nieto sino que tendr\u00e1n que superar a Morena de L\u00f3pez Obrador.<\/p>\n<p>Los panistas tendr\u00e1n que rescatar lo que les qued\u00f3 de su partido luego del desastre que le dej\u00f3 la pareja Fox-Sahag\u00fan y el michoacano Calder\u00f3n, y deber\u00e1n superar los mismos obst\u00e1culos que los perredistas.<\/p>\n<p>La morralla partidaria continuar\u00e1 viviendo de sus alianzas con los anteriores mencionados y podr\u00e1n o no superar su registro. No tienen en verdad la menor importancia porque no representan opci\u00f3n de poder.<\/p>\n<p align=\"center\"><b>\u00bfMANDA EL PACTO?<\/b><\/p>\n<p>De repente, en forma por dem\u00e1s abrupta y decisiva, los acuerdos dejaron de tramitarse en el Congreso para surgir de las filas de quienes operan el Pacto por M\u00e9xico.<\/p>\n<p>Lo anterior fue ratificado ayer por el propio gran negociador legislativo, el sonorense Manlio Fabio Beltrones, coordinador de los diputados federales del PRI quien reconoci\u00f3 que es en el \u00e1mbito del Pacto por M\u00e9xico donde se construyen los acuerdos que luego permiten las votaciones favorables a las reformas en el Congreso.<\/p>\n<p>As\u00ed, las mesas del Pacto &#8211;donde el ex gobernador de Oaxaca Jos\u00e9 Murat, el panista Santiago Creel, el perredista Jes\u00fas Ortega y los dirigentes del PRI, PAN y PRD act\u00faan en conjunto&#8211;, es donde se construyen las votaciones favorables a las reformas.<\/p>\n<p>El Pacto construye los acuerdos que luego son ratificados por senadores y diputados para ir a la transformaci\u00f3n del pa\u00eds, indic\u00f3 Beltrones.<\/p>\n<p>Al sacarse del Congreso la negociaci\u00f3n de los acuerdos, y dejarle esa facultad de quienes integran la direcci\u00f3n del Pacto por M\u00e9xico, al Congreso &#8211;es decir a diputados y senadores&#8211;, s\u00f3lo les queda la tarea de darle curso a las leyes o reformas correspondientes.<\/p>\n<p>Debido a este nuevo mecanismo, las sesiones plenarias de las diversas fracciones parlamentarias ya no debatir\u00e1n qu\u00e9 reformas impulsar\u00e1n, sino que s\u00f3lo servir\u00e1n para reiterar que ellos estar\u00e1n para apoyar y aprobar las reformas e iniciativas que les env\u00eden los del Pacto por M\u00e9xico.<\/p>\n<p>Beltrones lo confirm\u00f3 al reiterar:<\/p>\n<p>\u201cAsumiremos la responsabilidad partidista de hacer nuestros los consensos emanados del Pacto por M\u00e9xico con el fin de enriquecerlos en el trabajo de las comisiones, elaborar las leyes o reformas respectivas y procurar su aprobaci\u00f3n legislativa, ya que no cabe duda de que esta es la funci\u00f3n que corresponde a la representaci\u00f3n parlamentaria del partido en el gobierno y lo haremos convencidos de su relevancia para dar rumbo al pa\u00eds.<\/p>\n<p>\u201cDebemos enfatizar la expectativa positiva que generan en la poblaci\u00f3n los acuerdos de la pluralidad en el marco del Pacto por M\u00e9xico, as\u00ed como la importancia del Consejo Rector para asegurar su instrumentaci\u00f3n y evaluaci\u00f3n. \u201cEsto crea un ambiente de colaboraci\u00f3n y responsabilidad entre los grupos parlamentarios que, sin duda, tambi\u00e9n servir\u00e1 para el tratamiento del conjunto de la agenda legislativa que los diputados pri\u00edstas acordaremos los d\u00edas 29 y 30 del presente mes\u201d, concluy\u00f3.<\/p>\n<p>\u00bfAs\u00ed o m\u00e1s claro?<\/p>\n<p><em><a href=\"mailto:rvizcaino@gmail.com\" target=\"_blank\">rvizcaino@gmail.com<\/a><\/em><\/p>\n<div id=\"attachment_117012\" style=\"width: 430px\" class=\"wp-caption aligncenter\"><a href=\"http:\/\/www.diarioimagen.net\/wp-content\/uploads\/2013\/01\/POBREZA-EXTREMA-trizas-2013.jpg\"><img loading=\"lazy\" decoding=\"async\" aria-describedby=\"caption-attachment-117012\" class=\"size-large wp-image-117012\" alt=\"Pobreza extrema... | Trizas\" src=\"http:\/\/www.diarioimagen.net\/wp-content\/uploads\/2013\/01\/POBREZA-EXTREMA-trizas-2013-420x283.jpg\" width=\"420\" height=\"283\" \/><\/a><p id=\"caption-attachment-117012\" class=\"wp-caption-text\">Pobreza extrema&#8230; | Trizas<\/p><\/div>\n<p>&nbsp;<\/p>\n","protected":false},"excerpt":{"rendered":"<p><span style=\"color: #005497;\"><strong>Roberto Vizca\u00edno<\/strong><\/span><\/p>\n","protected":false},"author":1,"featured_media":0,"comment_status":"open","ping_status":"open","sticky":false,"template":"","format":"standard","meta":{"_monsterinsights_skip_tracking":false,"_monsterinsights_sitenote_active":false,"_monsterinsights_sitenote_note":"","_monsterinsights_sitenote_category":0,"footnotes":""},"categories":[136],"tags":[43674,91,211,362,93,94],"class_list":["post-116929","post","type-post","status-publish","format-standard","hentry","category-roberto-vizcaino-opinion","tag-opinion","tag-pan","tag-prd","tag-pri","tag-roberto-vizcaino","tag-tras-la-puerta-del-poder"],"_links":{"self":[{"href":"https:\/\/www.diarioimagen.net\/index.php?rest_route=\/wp\/v2\/posts\/116929","targetHints":{"allow":["GET"]}}],"collection":[{"href":"https:\/\/www.diarioimagen.net\/index.php?rest_route=\/wp\/v2\/posts"}],"about":[{"href":"https:\/\/www.diarioimagen.net\/index.php?rest_route=\/wp\/v2\/types\/post"}],"author":[{"embeddable":true,"href":"https:\/\/www.diarioimagen.net\/index.php?rest_route=\/wp\/v2\/users\/1"}],"replies":[{"embeddable":true,"href":"https:\/\/www.diarioimagen.net\/index.php?rest_route=%2Fwp%2Fv2%2Fcomments&post=116929"}],"version-history":[{"count":0,"href":"https:\/\/www.diarioimagen.net\/index.php?rest_route=\/wp\/v2\/posts\/116929\/revisions"}],"wp:attachment":[{"href":"https:\/\/www.diarioimagen.net\/index.php?rest_route=%2Fwp%2Fv2%2Fmedia&parent=116929"}],"wp:term":[{"taxonomy":"category","embeddable":true,"href":"https:\/\/www.diarioimagen.net\/index.php?rest_route=%2Fwp%2Fv2%2Fcategories&post=116929"},{"taxonomy":"post_tag","embeddable":true,"href":"https:\/\/www.diarioimagen.net\/index.php?rest_route=%2Fwp%2Fv2%2Ftags&post=116929"}],"curies":[{"name":"wp","href":"https:\/\/api.w.org\/{rel}","templated":true}]}}