{"id":116960,"date":"2013-01-14T00:04:55","date_gmt":"2013-01-14T06:04:55","guid":{"rendered":"http:\/\/www.diarioimagen.net\/?p=116960"},"modified":"2013-01-15T01:06:41","modified_gmt":"2013-01-15T07:06:41","slug":"pena-nieto-da-a-conocer-hoy-plan-hidrico-integral","status":"publish","type":"post","link":"https:\/\/www.diarioimagen.net\/?p=116960","title":{"rendered":"Pe\u00f1a Nieto da a conocer hoy Plan H\u00eddrico Integral"},"content":{"rendered":"<ul>\n<li><strong><em>En Villahermosa, Tabasco, el Ejecutivo federal enumerar\u00e1 las acciones para evitar inundaciones y captar agua en la temporada de lluvias<\/em><\/strong><\/li>\n<\/ul>\n<div id=\"attachment_117038\" style=\"width: 250px\" class=\"wp-caption alignleft\"><a href=\"http:\/\/www.diarioimagen.net\/wp-content\/uploads\/2013\/01\/epn-2013.jpg\"><img loading=\"lazy\" decoding=\"async\" aria-describedby=\"caption-attachment-117038\" class=\"size-medium wp-image-117038\" alt=\"Enrique Pe\u00f1a Nieto, presidente de M\u00e9xico.\" src=\"http:\/\/www.diarioimagen.net\/wp-content\/uploads\/2013\/01\/epn-2013-240x135.jpg\" width=\"240\" height=\"135\" \/><\/a><p id=\"caption-attachment-117038\" class=\"wp-caption-text\">Enrique Pe\u00f1a Nieto, presidente de M\u00e9xico.<\/p><\/div>\n<p>El presidente Enrique Pe\u00f1a Nieto realizar\u00e1 hoy una gira de trabajo por Tabasco, donde dar\u00e1 a conocer el Plan H\u00eddrico Integral.<\/p>\n<p>Durante su visita, el Ejecutivo federal estar\u00e1 acompa\u00f1ado por Arturo N\u00fa\u00f1ez Jim\u00e9nez, quien asumi\u00f3 la gubernatura de esa entidad hace menos de 15 d\u00edas.<\/p>\n<p>Durante el acto, que se efectuar\u00e1 en Villahermosa, Pe\u00f1a Nieto tambi\u00e9n dar\u00e1 a conocer diversas acciones, tanto para evitar inundaciones, como para la captaci\u00f3n de agua en la temporada de lluvias.<\/p>\n<p>Adem\u00e1s precisar\u00e1 el monto que se invertir\u00e1 para el Plan H\u00eddrico en esta regi\u00f3n, una de las m\u00e1s vulnerables del pa\u00eds en cuanto a inundaciones, debido a su ubicaci\u00f3n geogr\u00e1fica.<\/p>\n","protected":false},"excerpt":{"rendered":"<p>El presidente Enrique Pe\u00f1a Nieto realizar\u00e1 hoy una gira de trabajo por Tabasco, donde dar\u00e1 a conocer el Plan H\u00eddrico Integral. Durante su visita, el Ejecutivo federal estar\u00e1 acompa\u00f1ado por Arturo N\u00fa\u00f1ez Jim\u00e9nez, quien asumi\u00f3 la gubernatura de esa entidad hace menos de 15 d\u00edas.<\/p>\n","protected":false},"author":3,"featured_media":0,"comment_status":"open","ping_status":"open","sticky":false,"template":"","format":"standard","meta":{"_monsterinsights_skip_tracking":false,"_monsterinsights_sitenote_active":false,"_monsterinsights_sitenote_note":"","_monsterinsights_sitenote_category":0,"footnotes":""},"categories":[17,3],"tags":[18,1849,43673,2268,7780],"class_list":["post-116960","post","type-post","status-publish","format-standard","hentry","category-especiales","category-nacional","tag-enrique-pena-nieto","tag-lluvias","tag-nacional","tag-tabasco","tag-villahermosa"],"_links":{"self":[{"href":"https:\/\/www.diarioimagen.net\/index.php?rest_route=\/wp\/v2\/posts\/116960","targetHints":{"allow":["GET"]}}],"collection":[{"href":"https:\/\/www.diarioimagen.net\/index.php?rest_route=\/wp\/v2\/posts"}],"about":[{"href":"https:\/\/www.diarioimagen.net\/index.php?rest_route=\/wp\/v2\/types\/post"}],"author":[{"embeddable":true,"href":"https:\/\/www.diarioimagen.net\/index.php?rest_route=\/wp\/v2\/users\/3"}],"replies":[{"embeddable":true,"href":"https:\/\/www.diarioimagen.net\/index.php?rest_route=%2Fwp%2Fv2%2Fcomments&post=116960"}],"version-history":[{"count":0,"href":"https:\/\/www.diarioimagen.net\/index.php?rest_route=\/wp\/v2\/posts\/116960\/revisions"}],"wp:attachment":[{"href":"https:\/\/www.diarioimagen.net\/index.php?rest_route=%2Fwp%2Fv2%2Fmedia&parent=116960"}],"wp:term":[{"taxonomy":"category","embeddable":true,"href":"https:\/\/www.diarioimagen.net\/index.php?rest_route=%2Fwp%2Fv2%2Fcategories&post=116960"},{"taxonomy":"post_tag","embeddable":true,"href":"https:\/\/www.diarioimagen.net\/index.php?rest_route=%2Fwp%2Fv2%2Ftags&post=116960"}],"curies":[{"name":"wp","href":"https:\/\/api.w.org\/{rel}","templated":true}]}}