{"id":116964,"date":"2013-01-14T00:02:03","date_gmt":"2013-01-14T06:02:03","guid":{"rendered":"http:\/\/www.diarioimagen.net\/?p=116964"},"modified":"2013-01-15T01:06:23","modified_gmt":"2013-01-15T07:06:23","slug":"mondragon-pide-a-policias-federales-mejorar-su-trabajo","status":"publish","type":"post","link":"https:\/\/www.diarioimagen.net\/?p=116964","title":{"rendered":"Mondrag\u00f3n pide a polic\u00edas federales mejorar su trabajo"},"content":{"rendered":"<ul>\n<li><strong><em>Al visitar las instalaciones del Centro de Mando, se\u00f1ala que s\u00f3lo as\u00ed alcanzar\u00e1n el nivel que las instituciones y la ciudadan\u00eda exigen<\/em><\/strong><\/li>\n<\/ul>\n<div id=\"attachment_117040\" style=\"width: 250px\" class=\"wp-caption alignleft\"><a href=\"http:\/\/www.diarioimagen.net\/wp-content\/uploads\/2013\/01\/mondragon-2013.jpg\"><img loading=\"lazy\" decoding=\"async\" aria-describedby=\"caption-attachment-117040\" class=\"size-medium wp-image-117040\" alt=\"El subsecretario de Planeaci\u00f3n y Protecci\u00f3n Institucional de la Segob, Manuel Mondrag\u00f3n y Kalb.\" src=\"http:\/\/www.diarioimagen.net\/wp-content\/uploads\/2013\/01\/mondragon-2013-240x135.jpg\" width=\"240\" height=\"135\" \/><\/a><p id=\"caption-attachment-117040\" class=\"wp-caption-text\">El subsecretario de Planeaci\u00f3n y Protecci\u00f3n Institucional de la Segob, Manuel Mondrag\u00f3n y Kalb.<\/p><\/div>\n<p>El subsecretario de Planeaci\u00f3n y Protecci\u00f3n Institucional, Manuel Mondrag\u00f3n y Kalb, exhort\u00f3 a los 34 mil agentes que conforman la Polic\u00eda Federal a ser mejores en su trabajo para ocupar el nivel que las instituciones y la ciudadan\u00eda exigen, en beneficio del pa\u00eds.<\/p>\n<p>Al visitar las instalaciones del Centro de Mando de la Polic\u00eda Federal, el funcionario supervis\u00f3 las diversas \u00e1reas y observ\u00f3 el adiestramiento que recibe el personal policiaco.<\/p>\n<p>Mondrag\u00f3n y Kalb revis\u00f3 los ejercicios del Grupo de Operaciones Especiales, cuyo personal est\u00e1 capacitado para enfrentar cualquier situaci\u00f3n que atente contra la paz social, adem\u00e1s de que tuvo un acercamiento con el equipo de francotiradores y el personal especializado en el manejo de explosivos y rescate de rehenes.<\/p>\n<p>El funcionario de la Secretar\u00eda de Gobernaci\u00f3n subray\u00f3 que por su capacidad de respuesta, tecnolog\u00eda, equipos y especializaci\u00f3n del personal, el Centro de Mando de la Polic\u00eda Federal se convertir\u00e1 en un punto neur\u00e1lgico para las operaciones de auxilio a la poblaci\u00f3n y combate a la delincuencia.<\/p>\n<p>Acompa\u00f1ado del encargado de la Polic\u00eda Federal, Enrique Galindo Ceballos, el subsecretario recorri\u00f3 las \u00e1reas de inteligencia, desarrollo tecnol\u00f3gico, veh\u00edculos y procesos de adiestramiento. Tambi\u00e9n visit\u00f3 el hangar en donde se encuentra el equipo de Apoyo T\u00e1ctico A\u00e9reo y desde el cual se ordena el despliegue de aeronaves a diversos puntos del pa\u00eds, para actuar contra amenazas delictivas o proteger instalaciones estrat\u00e9gicas y apoyar a la poblaci\u00f3n en caso de desastres naturales.<\/p>\n<p>Manuel Mondrag\u00f3n orden\u00f3 incrementar las capacidades del Puesto de Mando, modelo tecnol\u00f3gico en el que se concentran todas las bases de datos relativas a la seguridad del pa\u00eds; asimismo, conoci\u00f3 la labor que realizan m\u00e9dicos, enfermeras y personal del \u00e1rea de Desarrollo Integral.<\/p>\n<p>Al reunirse con un grupo de agentes que recib\u00edan instrucci\u00f3n en materia legal, el funcionario resalt\u00f3 la importancia de la labor que desempe\u00f1a la Polic\u00eda Federal y de los esfuerzos que realiza el presidente Enrique Pe\u00f1a Nieto para llevar tranquilidad a M\u00e9xico.<\/p>\n<p>\u201cLa Polic\u00eda Federal tambi\u00e9n tiene que ocupar el rango, el nivel, la posici\u00f3n que exige el pa\u00eds, que exige Gobernaci\u00f3n, que exigen las instituciones y que exige la ciudadan\u00eda\u201d, expres\u00f3.<\/p>\n<p>De manera especial, Mondrag\u00f3n y Kalb reconoci\u00f3 al personal de la Unidad de Rescate y Auxilio Social, responsable de participar en labores de protecci\u00f3n civil ante desastres naturales.<\/p>\n<p>\u201cLes saludo, les ofrezco mi amistad, les ofrezco mi comunicaci\u00f3n, les ofrezco mi apoyo y les exijo toda la responsabilidad para ser mejores y para atender a la ciudadan\u00eda como se merece, pegados a la ciudadan\u00eda, el hecho que sean Polic\u00eda Federal no quiere decir que estemos distanciados de la ciudadan\u00eda, espero de ustedes todo ello\u201d, coment\u00f3.<\/p>\n<p>El subsecretario, quien por seis a\u00f1os fue secretario de Seguridad P\u00fablica en la Ciudad de M\u00e9xico, tambi\u00e9n visit\u00f3 a la estaci\u00f3n de polic\u00eda de la corporaci\u00f3n federal, la cual cuenta con un \u00e1rea de detenci\u00f3n preventiva.<\/p>\n<p>&nbsp;<\/p>\n","protected":false},"excerpt":{"rendered":"<p>El subsecretario de Planeaci\u00f3n y Protecci\u00f3n Institucional, Manuel Mondrag\u00f3n y Kalb, exhort\u00f3 a los 34 mil agentes que conforman la Polic\u00eda Federal a ser mejores en su trabajo para ocupar el nivel que las instituciones y la ciudadan\u00eda exigen, en beneficio del pa\u00eds.<\/p>\n","protected":false},"author":3,"featured_media":0,"comment_status":"open","ping_status":"open","sticky":false,"template":"","format":"standard","meta":{"_monsterinsights_skip_tracking":false,"_monsterinsights_sitenote_active":false,"_monsterinsights_sitenote_note":"","_monsterinsights_sitenote_category":0,"footnotes":""},"categories":[17,7],"tags":[6213,25796,43677],"class_list":["post-116964","post","type-post","status-publish","format-standard","hentry","category-especiales","category-seguridad","tag-manuel-mondragon-y-kalb","tag-planeacion-y-proteccion-institucional","tag-seguridad"],"_links":{"self":[{"href":"https:\/\/www.diarioimagen.net\/index.php?rest_route=\/wp\/v2\/posts\/116964","targetHints":{"allow":["GET"]}}],"collection":[{"href":"https:\/\/www.diarioimagen.net\/index.php?rest_route=\/wp\/v2\/posts"}],"about":[{"href":"https:\/\/www.diarioimagen.net\/index.php?rest_route=\/wp\/v2\/types\/post"}],"author":[{"embeddable":true,"href":"https:\/\/www.diarioimagen.net\/index.php?rest_route=\/wp\/v2\/users\/3"}],"replies":[{"embeddable":true,"href":"https:\/\/www.diarioimagen.net\/index.php?rest_route=%2Fwp%2Fv2%2Fcomments&post=116964"}],"version-history":[{"count":0,"href":"https:\/\/www.diarioimagen.net\/index.php?rest_route=\/wp\/v2\/posts\/116964\/revisions"}],"wp:attachment":[{"href":"https:\/\/www.diarioimagen.net\/index.php?rest_route=%2Fwp%2Fv2%2Fmedia&parent=116964"}],"wp:term":[{"taxonomy":"category","embeddable":true,"href":"https:\/\/www.diarioimagen.net\/index.php?rest_route=%2Fwp%2Fv2%2Fcategories&post=116964"},{"taxonomy":"post_tag","embeddable":true,"href":"https:\/\/www.diarioimagen.net\/index.php?rest_route=%2Fwp%2Fv2%2Ftags&post=116964"}],"curies":[{"name":"wp","href":"https:\/\/api.w.org\/{rel}","templated":true}]}}