{"id":116966,"date":"2013-01-14T00:01:36","date_gmt":"2013-01-14T06:01:36","guid":{"rendered":"http:\/\/www.diarioimagen.net\/?p=116966"},"modified":"2013-01-15T01:06:15","modified_gmt":"2013-01-15T07:06:15","slug":"anuncian-el-crimen-del-cacaro-gumaro","status":"publish","type":"post","link":"https:\/\/www.diarioimagen.net\/?p=116966","title":{"rendered":"Anuncian <i>El crimen del c\u00e1caro Gumaro<\/i>"},"content":{"rendered":"<ul>\n<li><strong><em>Ana de la Reguera tard\u00f3 casi una d\u00e9cada para trabajar de nuevo en una pel\u00edcula mexicana de comedia, tras su experiencia en <\/em>Ladie\u2019s Night<\/strong><\/li>\n<\/ul>\n<h6>Gloria Carpio<\/h6>\n<div id=\"attachment_117043\" style=\"width: 250px\" class=\"wp-caption alignleft\"><a href=\"http:\/\/www.diarioimagen.net\/wp-content\/uploads\/2013\/01\/ana-de-la-reguera-2013.jpg\"><img loading=\"lazy\" decoding=\"async\" aria-describedby=\"caption-attachment-117043\" class=\"size-medium wp-image-117043\" alt=\"Al finalizar la conferencia Ana y el resto del elenco de la cinta El crimen del.c\u00e1caro Gumaro abordaron un turibus realizando un recorrido por el Distrito Federal.\" src=\"http:\/\/www.diarioimagen.net\/wp-content\/uploads\/2013\/01\/ana-de-la-reguera-2013-240x135.jpg\" width=\"240\" height=\"135\" \/><\/a><p id=\"caption-attachment-117043\" class=\"wp-caption-text\">Al finalizar la conferencia Ana y el resto del elenco de la cinta <em>El crimen del c\u00e1caro Gumaro<\/em> abordaron un turibus realizando un recorrido por el Distrito Federal.<\/p><\/div>\n<p>Ataviada con un hermoso vestido en color amarillo, lleg\u00f3 a su encuentro con los medios, la bella Ana de la Reguera , quien est\u00e1 lista para dar a conocer su nuevo proyecto cinematogr\u00e1fico, en el cual dice: \u201cse siente completamente compenetrada y llena de emoci\u00f3n\u201d, y es que afirma que la labor m\u00e1s dif\u00edcil para cualquier actor es hacer re\u00edr a la gente, sin duda este filme sacar\u00e1 grandes carcajadas, hablamos de <i>El crimen del c\u00e1caro Gumaro<\/i>, una cinta llena de matices.<\/p>\n<p>Y es que De la Reguera protagoniza <i>El crimen del C\u00e1caro Gumaro<\/i>, una cinta mexicana, dirigida por Emilio Portes, producida por Daniel Birman y cuyo guion original es del famoso comediante Andr\u00e9s Bustamante <i>El G\u00fciri-G\u00fciri<\/i> y del m\u00fasico y escritor Armando Vega-Gil, quienes lograron realizar un exquisito trabajo en el cual la sonrisa ser\u00e1 la principal invitada.<\/p>\n<p>\u201cDe pronto s\u00ed me daba un poco de miedo ya que hacer re\u00edr es dif\u00edcil. Mi incursi\u00f3n en la comedia fue con <i>Ladie\u2019s Night<\/i>, y ahora esta pel\u00edcula marca mi regreso al humor en el cine mexicano. Me parece que el humor mexicano es m\u00e1s rebuscado (complicado). Los mexicanos somos m\u00e1s directos, creo, y estoy un poco nerviosa con mi personaje de <i>Claudianita<\/i>. Siempre pregunto c\u00f3mo hacerlo y trato de apoyarme en los expertos\u201d, coment\u00f3 Ana este domingo, durante la rueda de prensa.<\/p>\n<p>Por su parte Portes (<i>Pastorela, 2011<\/i>), coment\u00f3 que se trata de una comedia irreverente que hace una parodia del cine mexicano, sus grandes figuras e ironiza sobre los cambios que Internet ha producido en la cultura pop, gracias a sitios como YouTube. En la cinta participan Carlos Corona y Alejandro Calva y Andr\u00e9s Bustamante, adem\u00e1s de Jes\u00fas Ochoa y M\u00f3nica Huarte.<\/p>\n<p>\u201cEntre Andr\u00e9s y yo existe una especie de \u2018comunicaci\u00f3n subterr\u00e1nea\u2019. Creo que sufri\u00f3 mucho conmigo, porque aunque antes trabajamos ocho a\u00f1os juntos, mi humor es muy guarro (malintencionado) y hasta un poco violento\u201d, dijo Vega-Gil, respecto a su trabajo a lado de Bustamante.<\/p>\n<p>El filme cuenta con locaciones en la ciudad de M\u00e9xico, Veracruz, y Salvatierra, localidad ubicada en Guanajuato, donde se recrear\u00e1 el pueblo ficticio de G\u00fcepez. <i>El crimen del c\u00e1caro Gumaro<\/i> se estrenar\u00e1 a finales de 2013.<\/p>\n<p>Ana de la Reguera ha participado en otras cintas de comedia como <i>Nacho libre <\/i>(2006) y <i>Ladies\u2019 Night<\/i> (2003), la actriz nunca hab\u00eda estado tan inmersa en el g\u00e9nero como suceder\u00e1 con su personaje <i>Claudianita<\/i>, por lo que admite, se le ha complicado interpretarlo.<\/p>\n<p>&nbsp;<\/p>\n","protected":false},"excerpt":{"rendered":"<p>Ataviada con un hermoso vestido en color amarillo, lleg\u00f3 a su encuentro con los medios, la bella Ana de la Reguera , quien est\u00e1 lista para dar a conocer su nuevo proyecto cinematogr\u00e1fico, en el cual dice: \u201cse siente completamente compenetrada y llena de emoci\u00f3n\u201d, y es que afirma que la labor m\u00e1s dif\u00edcil para cualquier actor es hacer re\u00edr a la gente, sin duda este filme sacar\u00e1 grandes carcajadas, hablamos de <i>El crimen del c\u00e1caro Gumaro<\/i>, una cinta llena de matices.<\/p>\n","protected":false},"author":3,"featured_media":0,"comment_status":"open","ping_status":"open","sticky":false,"template":"","format":"standard","meta":{"_monsterinsights_skip_tracking":false,"_monsterinsights_sitenote_active":false,"_monsterinsights_sitenote_note":"","_monsterinsights_sitenote_category":0,"footnotes":""},"categories":[17,12],"tags":[2726,43682,5613,60],"class_list":["post-116966","post","type-post","status-publish","format-standard","hentry","category-especiales","category-espectaculos","tag-ana-de-la-reguera","tag-espectaculos","tag-filme","tag-gloria-carpio"],"_links":{"self":[{"href":"https:\/\/www.diarioimagen.net\/index.php?rest_route=\/wp\/v2\/posts\/116966","targetHints":{"allow":["GET"]}}],"collection":[{"href":"https:\/\/www.diarioimagen.net\/index.php?rest_route=\/wp\/v2\/posts"}],"about":[{"href":"https:\/\/www.diarioimagen.net\/index.php?rest_route=\/wp\/v2\/types\/post"}],"author":[{"embeddable":true,"href":"https:\/\/www.diarioimagen.net\/index.php?rest_route=\/wp\/v2\/users\/3"}],"replies":[{"embeddable":true,"href":"https:\/\/www.diarioimagen.net\/index.php?rest_route=%2Fwp%2Fv2%2Fcomments&post=116966"}],"version-history":[{"count":0,"href":"https:\/\/www.diarioimagen.net\/index.php?rest_route=\/wp\/v2\/posts\/116966\/revisions"}],"wp:attachment":[{"href":"https:\/\/www.diarioimagen.net\/index.php?rest_route=%2Fwp%2Fv2%2Fmedia&parent=116966"}],"wp:term":[{"taxonomy":"category","embeddable":true,"href":"https:\/\/www.diarioimagen.net\/index.php?rest_route=%2Fwp%2Fv2%2Fcategories&post=116966"},{"taxonomy":"post_tag","embeddable":true,"href":"https:\/\/www.diarioimagen.net\/index.php?rest_route=%2Fwp%2Fv2%2Ftags&post=116966"}],"curies":[{"name":"wp","href":"https:\/\/api.w.org\/{rel}","templated":true}]}}