{"id":116969,"date":"2013-01-14T00:09:19","date_gmt":"2013-01-14T06:09:19","guid":{"rendered":"http:\/\/www.diarioimagen.net\/?p=116969"},"modified":"2013-01-14T01:55:39","modified_gmt":"2013-01-14T07:55:39","slug":"en-edomex-estrenan-equipo-para-tratar-asfixia-perinatal","status":"publish","type":"post","link":"https:\/\/www.diarioimagen.net\/?p=116969","title":{"rendered":"En Edomex estrenan equipo para tratar asfixia perinatal"},"content":{"rendered":"<ul>\n<li><strong><em>El gobernador se\u00f1ala que se prev\u00e9 instalar otros cuatro aparatos de este tipo en los hospitales materno-infantiles de la entidad<\/em><\/strong><\/li>\n<\/ul>\n<div id=\"attachment_117032\" style=\"width: 250px\" class=\"wp-caption alignleft\"><a href=\"http:\/\/www.diarioimagen.net\/wp-content\/uploads\/2013\/01\/edomex-2013.jpg\"><img loading=\"lazy\" decoding=\"async\" aria-describedby=\"caption-attachment-117032\" class=\"size-medium wp-image-117032\" alt=\"El doctor Jos\u00e9 Pablo Rueda Villalpando explica el funcionamiento del equipo que se utiliz\u00f3 por primera vez en un beb\u00e9 que present\u00f3 asfixia perinatal en el Hospital Materno-Infantil de Toluca, el cual previene da\u00f1os neurol\u00f3gicos por falta de ox\u00edgeno al nacer.\" src=\"http:\/\/www.diarioimagen.net\/wp-content\/uploads\/2013\/01\/edomex-2013-240x135.jpg\" width=\"240\" height=\"135\" \/><\/a><p id=\"caption-attachment-117032\" class=\"wp-caption-text\">El doctor Jos\u00e9 Pablo Rueda Villalpando explica el funcionamiento del equipo que se utiliz\u00f3 por primera vez en un beb\u00e9 que present\u00f3 asfixia perinatal en el Hospital Materno-Infantil de Toluca, el cual previene da\u00f1os neurol\u00f3gicos por falta de ox\u00edgeno al nacer.<\/p><\/div>\n<p><strong>Toluca, Estado de M\u00e9xico<\/strong>.-\u00a0Los m\u00e9dicos del Hospital Materno Infantil de Toluca trataron por vez primera a un beb\u00e9 que presentaba asfixia perinatal con el equipo Cool Cap, el cual ayuda a prevenir da\u00f1os neurol\u00f3gicos causados por una mala oxigenaci\u00f3n durante el alumbramiento.<\/p>\n<p>El equipo, \u00fanico en Latinoamerica, fue puesto a disposici\u00f3n de los mexiquenses por el gobernador Eruviel \u00c1vila Villegas el pasado mes de octubre.<\/p>\n<p>El tratamiento consiste en una terapia de enfriamiento cerebral que tiene como prop\u00f3sito minimizar las probabilidades de sufrir alguna deficiencia sensitiva o motriz por falta de ox\u00edgeno en el cerebro.<\/p>\n<p>La noche del viernes 10 de enero se registr\u00f3 el nacimiento con la complicaci\u00f3n referida, por lo cual el personal m\u00e9dico de dicho nosocomio decidi\u00f3 de inmediato ocupar este equipo, que debe emplearse en las primeras seis horas del alumbramiento, pues la atenci\u00f3n es \u00f3ptima y la reducci\u00f3n de riesgos es mayor, explic\u00f3 Jos\u00e9 Pablo Rueda Villalpando, director del hospital.<\/p>\n<p>El especialista indic\u00f3 que el tratamiento del Cool Cap se mantiene por 72 horas,\u00a0pero el seguimiento de cada caso debe\u00a0hacerse por dos a\u00f1os, ya que es el periodo m\u00e1s importante en el desarrollo del cerebro.<\/p>\n<p>Rueda Villalpando dijo que gracias a este equipo se brinda el mejor tratamiento a nivel mundial en los padecimientos relacionados con la asfixia neonatal, que llega a presentarse durante el nacimiento, cuando por diversas causas el menor no recibe una oxigenaci\u00f3n adecuada e irrigaci\u00f3n de sus \u00f3rganos vitales; adem\u00e1s de que el sistema puede evitar problemas neurol\u00f3gicos relacionados con la lectura, la escritura o la memoria, que llegan a presentarse cuando los ni\u00f1os inician sus estudios.<\/p>\n<p>\u201cTodos los beb\u00e9s a los que no se les implementa este equipo, seguramente el da\u00f1o neurol\u00f3gico va a resultar a un futuro. Es muy variable el da\u00f1o neurol\u00f3gico, algunas veces es un da\u00f1o muy severo que inclusive puede ocasionar la muerte\u201d, detall\u00f3.<\/p>\n<p>Por medio de las redes sociales, el gobernador Eruviel \u00c1vila Villegas se\u00f1al\u00f3 que este a\u00f1o se prev\u00e9 instalar cuatro equipos m\u00e1s de este tipo en hospitales materno-infantiles de la entidad, con el objetivo de reducir el n\u00famero de ni\u00f1os con discapacidad.<\/p>\n<p>Por su parte,\u00a0Alejandro Hinojosa Velasco, m\u00e9dico especialista miembro del equipo interdisciplinario que atiende este primer caso, se\u00f1al\u00f3\u00a0que el porcentaje de reci\u00e9n nacidos que pueden presentar alg\u00fan padecimiento de este tipo es de 14.6 menores por cada mil, por lo que destac\u00f3 la importancia de que este hospital mexiquense cuente con dicho tratamiento.<\/p>\n<p>El equipo se coloca en la cabeza del beb\u00e9 y cuenta con un circuito interno de canales que conducen agua fr\u00eda que mantiene un continuo flujo y permite a los m\u00e9dicos determinar el nivel de da\u00f1o neurol\u00f3gico que puede haber y reducirlo al m\u00e1ximo, registra la actividad el\u00e9ctrica del cerebro, la frecuencia cardiaca, la saturaci\u00f3n de ox\u00edgeno y\u00a0 controla la respiraci\u00f3n.<\/p>\n<p>&nbsp;<\/p>\n","protected":false},"excerpt":{"rendered":"<p>Los m\u00e9dicos del Hospital Materno Infantil de Toluca trataron por vez primera a un beb\u00e9 que presentaba asfixia perinatal con el equipo Cool Cap, el cual ayuda a prevenir da\u00f1os neurol\u00f3gicos causados por una mala oxigenaci\u00f3n durante el alumbramiento.<\/p>\n","protected":false},"author":3,"featured_media":0,"comment_status":"open","ping_status":"open","sticky":false,"template":"","format":"standard","meta":{"_monsterinsights_skip_tracking":false,"_monsterinsights_sitenote_active":false,"_monsterinsights_sitenote_note":"","_monsterinsights_sitenote_category":0,"footnotes":""},"categories":[5],"tags":[43675,25802,452],"class_list":["post-116969","post","type-post","status-publish","format-standard","hentry","category-estado-de-mexico","tag-estado-de-mexico","tag-oxigeno","tag-toluca"],"_links":{"self":[{"href":"https:\/\/www.diarioimagen.net\/index.php?rest_route=\/wp\/v2\/posts\/116969","targetHints":{"allow":["GET"]}}],"collection":[{"href":"https:\/\/www.diarioimagen.net\/index.php?rest_route=\/wp\/v2\/posts"}],"about":[{"href":"https:\/\/www.diarioimagen.net\/index.php?rest_route=\/wp\/v2\/types\/post"}],"author":[{"embeddable":true,"href":"https:\/\/www.diarioimagen.net\/index.php?rest_route=\/wp\/v2\/users\/3"}],"replies":[{"embeddable":true,"href":"https:\/\/www.diarioimagen.net\/index.php?rest_route=%2Fwp%2Fv2%2Fcomments&post=116969"}],"version-history":[{"count":0,"href":"https:\/\/www.diarioimagen.net\/index.php?rest_route=\/wp\/v2\/posts\/116969\/revisions"}],"wp:attachment":[{"href":"https:\/\/www.diarioimagen.net\/index.php?rest_route=%2Fwp%2Fv2%2Fmedia&parent=116969"}],"wp:term":[{"taxonomy":"category","embeddable":true,"href":"https:\/\/www.diarioimagen.net\/index.php?rest_route=%2Fwp%2Fv2%2Fcategories&post=116969"},{"taxonomy":"post_tag","embeddable":true,"href":"https:\/\/www.diarioimagen.net\/index.php?rest_route=%2Fwp%2Fv2%2Ftags&post=116969"}],"curies":[{"name":"wp","href":"https:\/\/api.w.org\/{rel}","templated":true}]}}