{"id":116971,"date":"2013-01-14T00:13:33","date_gmt":"2013-01-14T06:13:33","guid":{"rendered":"http:\/\/www.diarioimagen.net\/?p=116971"},"modified":"2013-01-14T23:56:36","modified_gmt":"2013-01-15T05:56:36","slug":"eruviel-anuncia-42-unidades-medicas-para-el-estado-de-mexico-en-2013","status":"publish","type":"post","link":"https:\/\/www.diarioimagen.net\/?p=116971","title":{"rendered":"Eruviel anuncia 42 unidades m\u00e9dicas para el Estado de M\u00e9xico en 2013"},"content":{"rendered":"<h2>Arco Norte<\/h2>\n<h5>Jos\u00e9 Luis Monta\u00f1ez Aguilar<\/h5>\n<p><span>\u00a0<\/span><\/p>\n<div id=\"attachment_115134\" style=\"width: 250px\" class=\"wp-caption alignleft\"><a href=\"http:\/\/www.diarioimagen.net\/wp-content\/uploads\/2012\/12\/eruviel-2003.jpg\"><img loading=\"lazy\" decoding=\"async\" aria-describedby=\"caption-attachment-115134\" class=\"size-medium wp-image-115134\" alt=\"Eruviel \u00c1vila Villegas, gobernador del Estado de M\u00e9xico.\" src=\"http:\/\/www.diarioimagen.net\/wp-content\/uploads\/2012\/12\/eruviel-2003-240x135.jpg\" width=\"240\" height=\"135\" \/><\/a><p id=\"caption-attachment-115134\" class=\"wp-caption-text\">Eruviel \u00c1vila Villegas, gobernador del Estado de M\u00e9xico.<\/p><\/div>\n<p><span>Eruviel \u00c1vila Villegas, gobernador del Estado de M\u00e9xico, hiz un anuncio muy importante para los m\u00e1s de 15 millones de mexiquenses que tiene la entidad. Y seguramente durante este a\u00f1o 2013 el de Ecatepec habr\u00e1 de hacer otros pronunciamientos de gran calado que dar\u00e1n, en \u00e9ste su segundo a\u00f1o de gobierno, un sello especial a su administraci\u00f3n. Trabajo y resultados en beneficio de los que menos tienen parece ser la divisa del mandatario que sabe la importancia de su gobierno. Tiene competidores, pero el del Valle de M\u00e9xico sabe de lidias complicadas y de como jugar a la pol\u00edtica en los tiempos definitorios. Seguramente este mismo a\u00f1o quedar\u00e1n\u00a0 concretados los proyectos de obras tan importantes para el estado, como los tres Sistemas de Trenes para el Valle de M\u00e9xico y Toluca, adem\u00e1s de rutas de transporte masivo como el Metrob\u00fas. Salud, educaci\u00f3n, desarrollo social, y por supuesto, infraestructura ser\u00e1n los renglones que recibir\u00e1n una inversi\u00f3n de miles de millones de pesos en beneficio, repetimos, de los mexiquenses. As\u00ed pues, en Toluca, el gobernador Eruviel \u00c1vila Villegas destac\u00f3 que su administraci\u00f3n realiza una cruzada en favor de la salud de los ciudadanos, en la que se incluyen proyectos de ampliaci\u00f3n en la infraestructura cl\u00ednica y hospitalaria, entre las que se encuentran 17 unidades geri\u00e1tricas, nueve de atenci\u00f3n perinatal, as\u00ed como la implementaci\u00f3n de 16 centros de atenci\u00f3n para diab\u00e9ticos. \u201cNuestra administraci\u00f3n tiene como uno de sus ejes principales ser un gobierno solidario; esto significa que la atenci\u00f3n a la salud de la gente es una de nuestras prioridades. Sabemos que falta mucho por lograr, que tenemos muchos retos por delante; sin embargo, es importante tambi\u00e9n estar orgullosos de todo lo que hemos logrado y de todo lo que lograremos juntos: autoridades, enfermeras, m\u00e9dicos y trabajadores administrativos de la salud en el Estado de M\u00e9xico\u201d, asegur\u00f3. El titular del Ejecutivo estatal resalt\u00f3 que la inversi\u00f3n para cada una de las cl\u00ednicas geri\u00e1tricas es de aproximadamente 30 millones de pesos, y que el pr\u00f3ximo mes se inaugurar\u00e1 la primera de ellas en el municipio de Metepec, donde, incluso, se otorgar\u00e1n medicamentos a domicilio para personas de la tercera edad, caracter\u00edstica que hace a este programa muy innovador, ya que no existe en ning\u00fan otro servicio del pa\u00eds.<\/span><\/p>\n<p><em><a href=\"mailto:montanezaguilar@gmail.com\" target=\"_blank\"><em>montanezaguilar@gmail.com<\/em><\/a><\/em><\/p>\n","protected":false},"excerpt":{"rendered":"<p><span style=\"color: #005497;\"><strong>Jos\u00e9 Luis Monta\u00f1ez Aguilar<\/strong><\/span><br \/>\n<br \/>\nEruviel \u00c1vila Villegas, gobernador del Estado de M\u00e9xico, hiz un anuncio<\/p>\n","protected":false},"author":3,"featured_media":0,"comment_status":"open","ping_status":"open","sticky":false,"template":"","format":"standard","meta":{"_monsterinsights_skip_tracking":false,"_monsterinsights_sitenote_active":false,"_monsterinsights_sitenote_note":"","_monsterinsights_sitenote_category":0,"footnotes":""},"categories":[11622],"tags":[13284,454,5828,43675,43704,34],"class_list":["post-116971","post","type-post","status-publish","format-standard","hentry","category-jose-luis-montanez-aguilar","tag-arco-norte","tag-ecatepec","tag-eruviel-avila-villegas","tag-estado-de-mexico","tag-jose-luis-montanez-aguilar","tag-valle-de-mexico"],"_links":{"self":[{"href":"https:\/\/www.diarioimagen.net\/index.php?rest_route=\/wp\/v2\/posts\/116971","targetHints":{"allow":["GET"]}}],"collection":[{"href":"https:\/\/www.diarioimagen.net\/index.php?rest_route=\/wp\/v2\/posts"}],"about":[{"href":"https:\/\/www.diarioimagen.net\/index.php?rest_route=\/wp\/v2\/types\/post"}],"author":[{"embeddable":true,"href":"https:\/\/www.diarioimagen.net\/index.php?rest_route=\/wp\/v2\/users\/3"}],"replies":[{"embeddable":true,"href":"https:\/\/www.diarioimagen.net\/index.php?rest_route=%2Fwp%2Fv2%2Fcomments&post=116971"}],"version-history":[{"count":0,"href":"https:\/\/www.diarioimagen.net\/index.php?rest_route=\/wp\/v2\/posts\/116971\/revisions"}],"wp:attachment":[{"href":"https:\/\/www.diarioimagen.net\/index.php?rest_route=%2Fwp%2Fv2%2Fmedia&parent=116971"}],"wp:term":[{"taxonomy":"category","embeddable":true,"href":"https:\/\/www.diarioimagen.net\/index.php?rest_route=%2Fwp%2Fv2%2Fcategories&post=116971"},{"taxonomy":"post_tag","embeddable":true,"href":"https:\/\/www.diarioimagen.net\/index.php?rest_route=%2Fwp%2Fv2%2Ftags&post=116971"}],"curies":[{"name":"wp","href":"https:\/\/api.w.org\/{rel}","templated":true}]}}