{"id":117087,"date":"2013-01-15T00:04:16","date_gmt":"2013-01-15T06:04:16","guid":{"rendered":"http:\/\/www.diarioimagen.net\/?p=117087"},"modified":"2013-01-16T01:32:26","modified_gmt":"2013-01-16T07:32:26","slug":"crearan-organo-de-inteligencia-contra-el-crimen-organizado","status":"publish","type":"post","link":"https:\/\/www.diarioimagen.net\/?p=117087","title":{"rendered":"Crear\u00e1n \u00f3rgano de inteligencia contra el crimen organizado"},"content":{"rendered":"<ul>\n<li><em><strong>Miguel \u00c1ngel Osorio Chong afirma que con este instrumento se buscar\u00e1 ser m\u00e1s eficaz en el combate a la delincuencia<\/strong><\/em><\/li>\n<\/ul>\n<div id=\"attachment_117205\" style=\"width: 250px\" class=\"wp-caption alignleft\"><a href=\"http:\/\/www.diarioimagen.net\/wp-content\/uploads\/2013\/01\/Osorio-2014.jpg\"><img loading=\"lazy\" decoding=\"async\" aria-describedby=\"caption-attachment-117205\" class=\"size-medium wp-image-117205\" alt=\"El secretario de Gobernaci\u00f3n, Miguel \u00c1ngel Osorio Chong, confirm\u00f3 que se busca crear un nuevo \u00f3rgano de inteligencia que ofrezca mayor efectividad.\" src=\"http:\/\/www.diarioimagen.net\/wp-content\/uploads\/2013\/01\/Osorio-2014-240x135.jpg\" width=\"240\" height=\"135\" \/><\/a><p id=\"caption-attachment-117205\" class=\"wp-caption-text\">El secretario de Gobernaci\u00f3n, Miguel \u00c1ngel Osorio Chong, confirm\u00f3 que se busca crear un nuevo \u00f3rgano de inteligencia que ofrezca mayor efectividad.<\/p><\/div>\n<p>El secretario de Gobernaci\u00f3n, Miguel \u00c1ngel Osorio Chong, inform\u00f3 que se busca crear un \u00f3rgano de inteligencia para ser m\u00e1s eficaz en el combate al crimen organizado, con la \u00f3ptica y necesidades que reclama el pa\u00eds.<\/p>\n<p>En rueda de prensa, precis\u00f3 que para ello se ha reunido con autoridades de naciones como Estados Unidos, Colombia, Francia, Inglaterra, Espa\u00f1a y Centroam\u00e9rica, entre otras, para ver c\u00f3mo se logra la fusi\u00f3n de los diferentes cuerpos de seguridad.<\/p>\n<p>\u201cEntonces, ya teniendo esta informaci\u00f3n, haremos este proceso para tener nuestra fusi\u00f3n con la \u00f3ptica de nuestro pa\u00eds y con las necesidades de los mexicanos\u201d, refiri\u00f3 el funcionario al ser cuestionado sobre si en M\u00e9xico se crear\u00e1 un Centro de Inteligencia Especial, similar al de Estados Unidos para combatir el crimen organizado.<\/p>\n<p>Record\u00f3 que ese trabajo se realiz\u00f3 desde el periodo de transici\u00f3n y que para ello se pregunt\u00f3 a todas las agencias a nivel internacional y a todos los cuerpos de seguridad, \u201cdesde Colombia, Centroam\u00e9rica, Estados, Unidos, Inglaterra (\u2026) para ver c\u00f3mo se logra esta fusi\u00f3n de informaci\u00f3n y sirva para ser m\u00e1s eficaz\u201d, detall\u00f3 Osorio Chong.<\/p>\n<p>En torno al encuentro que sostuvo el pasado viernes con familiares de desaparecidos, el titular de la Segob, reiter\u00f3 su ofrecimiento de que habr\u00e1 atenci\u00f3n personalizada y se dar\u00e1 seguimiento permanente, caso por caso, adem\u00e1s de que se revisar\u00e1 y conformar\u00e1 un padr\u00f3n de v\u00edctimas, a fin de conocer la cifra exacta.<\/p>\n<p>Adem\u00e1s, se buscar\u00e1 establecer mesas de di\u00e1logo para atender todos los casos; la primera de ellas con el procurador general de la Rep\u00fablica, Jes\u00fas Murillo Karam, y la segunda, con gobernadores e instancias de seguridad locales, como son las procuradur\u00edas estatales y secretar\u00edas de seguridad o de gobierno.<\/p>\n<p>&nbsp;<\/p>\n","protected":false},"excerpt":{"rendered":"<p>El secretario de Gobernaci\u00f3n, Miguel \u00c1ngel Osorio Chong, inform\u00f3 que se busca crear un \u00f3rgano de inteligencia para ser m\u00e1s eficaz en el combate al crimen organizado, con la \u00f3ptica y necesidades que reclama el pa\u00eds. En rueda de prensa, precis\u00f3 que para ello se ha reunido con autoridades de naciones como Estados Unidos, Colombia, Francia, Inglaterra, Espa\u00f1a y Centroam\u00e9rica, entre otras, para ver c\u00f3mo se logra la fusi\u00f3n de los diferentes cuerpos de seguridad.<\/p>\n","protected":false},"author":1,"featured_media":0,"comment_status":"open","ping_status":"open","sticky":false,"template":"","format":"standard","meta":{"_monsterinsights_skip_tracking":false,"_monsterinsights_sitenote_active":false,"_monsterinsights_sitenote_note":"","_monsterinsights_sitenote_category":0,"footnotes":""},"categories":[17,3],"tags":[1197,177,2115,3676,43673,442],"class_list":["post-117087","post","type-post","status-publish","format-standard","hentry","category-especiales","category-nacional","tag-colombia","tag-estados-unidos","tag-francia","tag-miguel-angel-osorio-chong","tag-nacional","tag-secretaria-de-gobernacion"],"_links":{"self":[{"href":"https:\/\/www.diarioimagen.net\/index.php?rest_route=\/wp\/v2\/posts\/117087","targetHints":{"allow":["GET"]}}],"collection":[{"href":"https:\/\/www.diarioimagen.net\/index.php?rest_route=\/wp\/v2\/posts"}],"about":[{"href":"https:\/\/www.diarioimagen.net\/index.php?rest_route=\/wp\/v2\/types\/post"}],"author":[{"embeddable":true,"href":"https:\/\/www.diarioimagen.net\/index.php?rest_route=\/wp\/v2\/users\/1"}],"replies":[{"embeddable":true,"href":"https:\/\/www.diarioimagen.net\/index.php?rest_route=%2Fwp%2Fv2%2Fcomments&post=117087"}],"version-history":[{"count":0,"href":"https:\/\/www.diarioimagen.net\/index.php?rest_route=\/wp\/v2\/posts\/117087\/revisions"}],"wp:attachment":[{"href":"https:\/\/www.diarioimagen.net\/index.php?rest_route=%2Fwp%2Fv2%2Fmedia&parent=117087"}],"wp:term":[{"taxonomy":"category","embeddable":true,"href":"https:\/\/www.diarioimagen.net\/index.php?rest_route=%2Fwp%2Fv2%2Fcategories&post=117087"},{"taxonomy":"post_tag","embeddable":true,"href":"https:\/\/www.diarioimagen.net\/index.php?rest_route=%2Fwp%2Fv2%2Ftags&post=117087"}],"curies":[{"name":"wp","href":"https:\/\/api.w.org\/{rel}","templated":true}]}}