{"id":117094,"date":"2013-01-15T00:06:02","date_gmt":"2013-01-15T06:06:02","guid":{"rendered":"http:\/\/www.diarioimagen.net\/?p=117094"},"modified":"2013-01-15T01:13:07","modified_gmt":"2013-01-15T07:13:07","slug":"alertan-de-ataques-a-la-laicidad-en-educacion","status":"publish","type":"post","link":"https:\/\/www.diarioimagen.net\/?p=117094","title":{"rendered":"Alertan de ataques a la laicidad en educaci\u00f3n"},"content":{"rendered":"<ul>\n<li><strong><em>Investigadores y catedr\u00e1ticos de la UNAM afirman que la principal impulsora de la contrarreforma es la Iglesia cat\u00f3lica<\/em><\/strong><\/li>\n<\/ul>\n<div id=\"attachment_117233\" style=\"width: 250px\" class=\"wp-caption alignleft\"><a href=\"http:\/\/www.diarioimagen.net\/wp-content\/uploads\/2013\/01\/CATEDRA-2014.jpg\"><img loading=\"lazy\" decoding=\"async\" aria-describedby=\"caption-attachment-117233\" class=\"size-medium wp-image-117233\" alt=\"N\u00e9stor de Buen y Rodolfo Echeverr\u00eda, durante el Seminario Sobre Laicidad y Educaci\u00f3n, realizado en el Instituto de Investigaciones Jur\u00eddicas de la UNAM.\" src=\"http:\/\/www.diarioimagen.net\/wp-content\/uploads\/2013\/01\/CATEDRA-2014-240x135.jpg\" width=\"240\" height=\"135\" \/><\/a><p id=\"caption-attachment-117233\" class=\"wp-caption-text\">N\u00e9stor de Buen y Rodolfo Echeverr\u00eda, durante el Seminario Sobre Laicidad y Educaci\u00f3n, realizado en el Instituto de Investigaciones Jur\u00eddicas de la UNAM.<\/p><\/div>\n<p>Investigadores y acad\u00e9micos de la UNAM celebraron las reformas al art\u00edculo 40 constitucional, que define a la Rep\u00fablica mexicana como un Estado laico, sin embargo, alertaron sobre una contrarreforma impulsada principalmente por la Iglesia cat\u00f3lica.<\/p>\n<p>Durante la inauguraci\u00f3n del seminario Laicidad y Educaci\u00f3n que marca el inicio de la c\u00e1tedra extraordinaria \u201cBenito Ju\u00e1rez\u201d, alertaron sobre las amenazas a la laicidad del Estado representadas en las intenciones de la Iglesia cat\u00f3lica de impartir educaci\u00f3n religiosa en las escuelas p\u00fablicas y de ejercer el control de los medios de comunicaci\u00f3n.<\/p>\n<p>Rodolfo Echeverr\u00eda, representante del consejo acad\u00e9mico de la c\u00e1tedra extraordinaria \u201cBenito Ju\u00e1rez\u201d, afirm\u00f3 que el Estado laico est\u00e1 en peligro, ya que no cejan ni cejar\u00e1n las embestidas ni las maniobras abiertas u ocultas dentro y fuera de M\u00e9xico tendentes a erradicarlo.<\/p>\n<p>\u201cYa ha entrado en vigor la reforma del art\u00edculo 40 constitucional impulsada por la convicci\u00f3n pol\u00edtica de muchos grupos conformados por miles de ciudadanos libres defensores de un Estado laico para el siglo XXI, con esta reforma nuestra Rep\u00fablica adem\u00e1s de representativa y federal est\u00e1 definida por su car\u00e1cter laico.<\/p>\n<p>\u201cSin embargo, est\u00e1 a punto de consumarse la reforma constitucional al art\u00edculo 24, cuya malversaci\u00f3n, sin la menor duda, atentar\u00e1 contra el Estado laico. A trav\u00e9s de una torcida interpretaci\u00f3n de este art\u00edculo ya pretenden otras reformas constitucionales, entre ellas las del art\u00edculo 3 y 130\u201d, afirm\u00f3.<\/p>\n<p>Echeverr\u00eda alert\u00f3 respecto de las exigencias de la Iglesia cat\u00f3lica establecidas en el documento de la Conferencia del Episcopado Mexicano \u201cEducar para una nueva sociedad\u201d, que solicitan que se imparta educaci\u00f3n religiosa en las escuelas p\u00fablicas y que se concesionen a las iglesias medios de comunicaci\u00f3n social.<\/p>\n<p>El rector de la UNAM, Jos\u00e9 Narro, dijo que la laicidad es equivalente y sin\u00f3nimo de libertad, pluralidad y tolerancia.<\/p>\n<p>\u201cLa universidad tiene que seguir siendo una casa que impulse a trav\u00e9s de la educaci\u00f3n, la libertad. La libertad que se opone a la intolerancia y que promueve en consecuencia la pluralidad. Una comunidad como la nuestra tiene por definici\u00f3n esa condici\u00f3n\u201d.<\/p>\n<p>&nbsp;<\/p>\n","protected":false},"excerpt":{"rendered":"<p>Investigadores y acad\u00e9micos de la UNAM celebraron las reformas al art\u00edculo 40 constitucional, que define a la Rep\u00fablica mexicana como un Estado laico, sin embargo, alertaron sobre una contrarreforma impulsada principalmente por la Iglesia cat\u00f3lica.<\/p>\n","protected":false},"author":1,"featured_media":0,"comment_status":"open","ping_status":"open","sticky":false,"template":"","format":"standard","meta":{"_monsterinsights_skip_tracking":false,"_monsterinsights_sitenote_active":false,"_monsterinsights_sitenote_note":"","_monsterinsights_sitenote_category":0,"footnotes":""},"categories":[3],"tags":[43694,4912,24457,43673,570],"class_list":["post-117094","post","type-post","status-publish","format-standard","hentry","category-nacional","tag-educacion","tag-iglesia-catolica","tag-laica","tag-nacional","tag-unam"],"_links":{"self":[{"href":"https:\/\/www.diarioimagen.net\/index.php?rest_route=\/wp\/v2\/posts\/117094","targetHints":{"allow":["GET"]}}],"collection":[{"href":"https:\/\/www.diarioimagen.net\/index.php?rest_route=\/wp\/v2\/posts"}],"about":[{"href":"https:\/\/www.diarioimagen.net\/index.php?rest_route=\/wp\/v2\/types\/post"}],"author":[{"embeddable":true,"href":"https:\/\/www.diarioimagen.net\/index.php?rest_route=\/wp\/v2\/users\/1"}],"replies":[{"embeddable":true,"href":"https:\/\/www.diarioimagen.net\/index.php?rest_route=%2Fwp%2Fv2%2Fcomments&post=117094"}],"version-history":[{"count":0,"href":"https:\/\/www.diarioimagen.net\/index.php?rest_route=\/wp\/v2\/posts\/117094\/revisions"}],"wp:attachment":[{"href":"https:\/\/www.diarioimagen.net\/index.php?rest_route=%2Fwp%2Fv2%2Fmedia&parent=117094"}],"wp:term":[{"taxonomy":"category","embeddable":true,"href":"https:\/\/www.diarioimagen.net\/index.php?rest_route=%2Fwp%2Fv2%2Fcategories&post=117094"},{"taxonomy":"post_tag","embeddable":true,"href":"https:\/\/www.diarioimagen.net\/index.php?rest_route=%2Fwp%2Fv2%2Ftags&post=117094"}],"curies":[{"name":"wp","href":"https:\/\/api.w.org\/{rel}","templated":true}]}}