{"id":117300,"date":"2013-01-16T00:06:03","date_gmt":"2013-01-16T06:06:03","guid":{"rendered":"http:\/\/www.diarioimagen.net\/?p=117300"},"modified":"2013-01-16T01:13:37","modified_gmt":"2013-01-16T07:13:37","slug":"sep-estimulara-a-maestros-mejor-preparados-chuayffet","status":"publish","type":"post","link":"https:\/\/www.diarioimagen.net\/?p=117300","title":{"rendered":"SEP estimular\u00e1 a maestros mejor preparados: Chuayffet"},"content":{"rendered":"<ul>\n<li><em><strong>El titular de la dependencia afirma que la instituci\u00f3n busca no s\u00f3lo beneficiar a los alumnos, sino tambi\u00e9n a integrantes del SNTE debidamente capacitados<\/strong><\/em><\/li>\n<\/ul>\n<div id=\"attachment_117422\" style=\"width: 250px\" class=\"wp-caption alignleft\"><a href=\"http:\/\/www.diarioimagen.net\/wp-content\/uploads\/2013\/01\/SEP-2015.jpg\"><img loading=\"lazy\" decoding=\"async\" aria-describedby=\"caption-attachment-117422\" class=\"size-medium wp-image-117422\" alt=\"El secretario de Educaci\u00f3n, Emilio Chuayffet Chemor, realiz\u00f3 nuevos nombramientos en esa dependencia federal.\" src=\"http:\/\/www.diarioimagen.net\/wp-content\/uploads\/2013\/01\/SEP-2015-240x135.jpg\" width=\"240\" height=\"135\" \/><\/a><p id=\"caption-attachment-117422\" class=\"wp-caption-text\">El secretario de Educaci\u00f3n, Emilio Chuayffet Chemor, realiz\u00f3 nuevos nombramientos en esa dependencia federal.<\/p><\/div>\n<p>La Secretar\u00eda de Educaci\u00f3n P\u00fablica (SEP) tiene el objetivo de no s\u00f3lo beneficiar a los alumnos con calidad educativa, sino tambi\u00e9n al sindicato magisterial en t\u00e9rminos de las reglas de certeza para est\u00edmulos a maestros que cada d\u00eda se preparan mejor, se\u00f1al\u00f3 el secretario Emilio Chuayffet.<\/p>\n<p>Record\u00f3 que el gobierno ha puesto \u00e9nfasis en el tema educativo, que ha convocado a quienes trabajan en la SEP a devolverle al Estado la rector\u00eda en la materia y lograr metas que, sin dem\u00e9rito de la cobertura, logren afianzar y mejorar la calidad del proceso educativo en M\u00e9xico.<\/p>\n<p>Al presentar los nuevos nombramientos de funcionarios, Chuayffet Chemor indic\u00f3 que en la dependencia a su cargo existe una multiplicidad normativa que poco a poco se tendr\u00e1 que simplificar, a fin de darle eficacia al servicio que presta a la poblaci\u00f3n. Precis\u00f3 que dicho servicio no s\u00f3lo es educativo, sino de cultura, deporte y en t\u00e9rminos generales el de la formaci\u00f3n de cada uno de los mexicanos.<\/p>\n<p>Entre los instrumentos normativos, Emilio Chuayffet mencion\u00f3 un acuerdo de sectorizaci\u00f3n con el cual cada una de las dependencias cuyos titulares recibieron hoy su nombramiento est\u00e1 asignada a alguna de las subsecretar\u00edas o a la Oficial\u00eda Mayor, mientras que otras se reservan estrictamente al secretario.<\/p>\n<p>\u201cHe ordenado la revisi\u00f3n de ese acuerdo de sectorizaci\u00f3n para que no existan trabas, dilaciones, vac\u00edos u omisiones que impidan que la m\u00e1xima eficacia deseable sea la que impere en el trabajo\u201d, indic\u00f3.<\/p>\n<p>El titular de la SEP agreg\u00f3 que en la labor de esa dependencia se establecer\u00e1n dos tipos de visiones: la perspectiva sexenal y la de coyuntura anual, la propia de 2013 con las metas establecidas y el presupuesto asignado para cada una de sus actividades.<\/p>\n<p>&nbsp;<\/p>\n","protected":false},"excerpt":{"rendered":"<p>La Secretar\u00eda de Educaci\u00f3n P\u00fablica (SEP) tiene el objetivo de no s\u00f3lo beneficiar a los alumnos con calidad educativa, sino tambi\u00e9n al sindicato magisterial en t\u00e9rminos de las reglas de certeza para est\u00edmulos a maestros que cada d\u00eda se preparan mejor, se\u00f1al\u00f3 el secretario Emilio Chuayffet.<\/p>\n","protected":false},"author":1,"featured_media":0,"comment_status":"open","ping_status":"open","sticky":false,"template":"","format":"standard","meta":{"_monsterinsights_skip_tracking":false,"_monsterinsights_sitenote_active":false,"_monsterinsights_sitenote_note":"","_monsterinsights_sitenote_category":0,"footnotes":""},"categories":[3],"tags":[43694,1058,2044],"class_list":["post-117300","post","type-post","status-publish","format-standard","hentry","category-nacional","tag-educacion","tag-secretaria-de-educacion-publica","tag-snte"],"_links":{"self":[{"href":"https:\/\/www.diarioimagen.net\/index.php?rest_route=\/wp\/v2\/posts\/117300","targetHints":{"allow":["GET"]}}],"collection":[{"href":"https:\/\/www.diarioimagen.net\/index.php?rest_route=\/wp\/v2\/posts"}],"about":[{"href":"https:\/\/www.diarioimagen.net\/index.php?rest_route=\/wp\/v2\/types\/post"}],"author":[{"embeddable":true,"href":"https:\/\/www.diarioimagen.net\/index.php?rest_route=\/wp\/v2\/users\/1"}],"replies":[{"embeddable":true,"href":"https:\/\/www.diarioimagen.net\/index.php?rest_route=%2Fwp%2Fv2%2Fcomments&post=117300"}],"version-history":[{"count":0,"href":"https:\/\/www.diarioimagen.net\/index.php?rest_route=\/wp\/v2\/posts\/117300\/revisions"}],"wp:attachment":[{"href":"https:\/\/www.diarioimagen.net\/index.php?rest_route=%2Fwp%2Fv2%2Fmedia&parent=117300"}],"wp:term":[{"taxonomy":"category","embeddable":true,"href":"https:\/\/www.diarioimagen.net\/index.php?rest_route=%2Fwp%2Fv2%2Fcategories&post=117300"},{"taxonomy":"post_tag","embeddable":true,"href":"https:\/\/www.diarioimagen.net\/index.php?rest_route=%2Fwp%2Fv2%2Ftags&post=117300"}],"curies":[{"name":"wp","href":"https:\/\/api.w.org\/{rel}","templated":true}]}}