{"id":117517,"date":"2013-01-17T00:04:51","date_gmt":"2013-01-17T06:04:51","guid":{"rendered":"http:\/\/www.diarioimagen.net\/?p=117517"},"modified":"2013-01-18T02:42:00","modified_gmt":"2013-01-18T08:42:00","slug":"fallece-el-ultimo-heroe-de-la-caminata-luto-en-la-marcha","status":"publish","type":"post","link":"https:\/\/www.diarioimagen.net\/?p=117517","title":{"rendered":"Fallece el \u00faltimo h\u00e9roe de la caminata; luto en la marcha"},"content":{"rendered":"<ul>\n<li><em><strong>Luego de sufrir un infarto fue llevado al hospital de Chimalhuac\u00e1n, donde muri\u00f3<\/strong><\/em><\/li>\n<\/ul>\n<div id=\"attachment_117657\" style=\"width: 250px\" class=\"wp-caption alignleft\"><a href=\"http:\/\/www.diarioimagen.net\/wp-content\/uploads\/2013\/01\/noe-2016.jpg\"><img loading=\"lazy\" decoding=\"async\" aria-describedby=\"caption-attachment-117657\" class=\"size-medium wp-image-117657\" alt=\"El medallista ol\u00edmpico en Sidney 2000, convalec\u00eda  de un tiro en el ojo derecho.\" src=\"http:\/\/www.diarioimagen.net\/wp-content\/uploads\/2013\/01\/noe-2016-240x135.jpg\" width=\"240\" height=\"135\" \/><\/a><p id=\"caption-attachment-117657\" class=\"wp-caption-text\">El medallista ol\u00edmpico en Sidney 2000, convalec\u00eda de un tiro en el ojo derecho.<\/p><\/div>\n<p>El andar\u00edn mexicano No\u00e9 Hern\u00e1ndez, quien falleci\u00f3 ayer de un paro cardiaco d\u00edas despu\u00e9s de ser herido de bala en la cabeza, fue el \u00faltimo h\u00e9roe ol\u00edmpico de la marcha mexicana con la plata ganada en los Juegos de Sydney 2000.<\/p>\n<p>La plata de Hern\u00e1ndez, que lleg\u00f3 a la par de la descalificaci\u00f3n en la meta de su compatriota Bernardo Segura, que marchaba delante del polaco Roberto Korzeniowski, es la \u00faltima medalla de M\u00e9xico en esa disciplina.<\/p>\n<p>Con ese logro \u2018El Chivo\u2019, como lo apodaban sus amigos, dej\u00f3 de ser un desconocido de la marcha al subir al podio junto a Korzeniowski, oro, y el ruso Vladimir Andreyev, bronce.<\/p>\n<p>El andar\u00edn muri\u00f3 de un paro cardiaco en un hospital de la zona metropolitana al que fue llevado por sus familiares, convalec\u00eda en su casa de las heridas de bala en la cabeza que sufri\u00f3 el 30 de diciembre pasado.<\/p>\n<p>Hern\u00e1ndez logr\u00f3 su clasificaci\u00f3n a Sydney, pero sorprendi\u00f3 a propios y extra\u00f1os al llegar a las medallas ya que los expertos no le otorgaron la m\u00ednima posibilidad de alcanzar los primeros puestos.<\/p>\n<p>Originario de Chimalhuac\u00e1n, Estado de M\u00e9xico que forma parte de la zona metropolitana de la capital mexicana, Hern\u00e1ndez naci\u00f3 el 15 de marzo de 1978 y empez\u00f3 su carrera deportiva a los 14 a\u00f1os.<\/p>\n<p>Hern\u00e1ndez tambi\u00e9n fue cuarto en los Mundiales de Atletismo de Par\u00eds 2003 con 1h18:14, el mejor tiempo en su carrera; dos a\u00f1os antes hab\u00eda sido descalificado en el Campeonato Mundial de Atletismo Edmonton 2001.<\/p>\n<p>Su primera competencia internacional fue 1997, en Apodaca, Nuevo Le\u00f3n, asisti\u00f3 al Campeonato Centroamericano en 1999 y a la Semana Internacional de la especialidad del mismo a\u00f1o. En el 2002 gan\u00f3 el campeonato mexicano con 1h21:46 horas y concluy\u00f3 cuarto en la Copa del Mundo de Torino, Italia (1h22:05) pero se ausent\u00f3 de los Juegos Centroamericanos de San Salvador 2002.<\/p>\n<p>En el 2003 fue cuarto lugar en La Coru\u00f1a, Espa\u00f1a con 1h20:53, decimonoveno en el Grand Prix de Tijuana 2004 y en la Semana Internacional de Marcha de Ciudad Victoria gan\u00f3 su pase para Atenas 2004, donde fue descalificado.<\/p>\n<p>El andar\u00edn se caracteriz\u00f3 por sus constates cambios de entrenador y tras una lesi\u00f3n de rodilla que lo mantuvo inactivo casi dos a\u00f1os intent\u00f3 clasificar a los Juegos Ol\u00edmpicos de Beijing 2008.<\/p>\n<p>Hern\u00e1ndez fue responsable del deporte en Chimalhuac\u00e1n y al mismo tiempo secretario del deporte del gobernante Partido Revolucionario Institucional (PRI) en el estado de M\u00e9xico.<\/p>\n<p>Por su deceso, el presidente de Medallistas Ol\u00edmpicos de M\u00e9xico, Daniel Aceves, se dijo consternado al dar a conocer la noticia.<\/p>\n<p>A su vez, Jes\u00fas Mena, titular de laConade, y Carlos Padilla, presidente del Comit\u00e9 Ol\u00edmpico Mexicano, lamentaron la desaparici\u00f3n del andar\u00edn.<\/p>\n<p>Fernando Platas, responsable del deporte en el Estado de M\u00e9xico, de donde era oriundo Hern\u00e1ndez, inform\u00f3 que el gobierno de su estado apoyar\u00e1 en todo lo necesario a la familia del atleta.<\/p>\n<p>Sobre su deceso, el gobierno del Estado de M\u00e9xico inform\u00f3 que No\u00e9 Hern\u00e1ndez present\u00f3 problemas respiratorios mientras se encontraba en su domicilio, en el municipio de Chimalhuac\u00e1n, de donde fue trasladado hacia el Hospital General de esa localidad, donde lleg\u00f3 sin signos vitales y tras 20 minutos de maniobras de reanimaci\u00f3n fue declarado muerto a las 12:15 horas.<\/p>\n<p>De acuerdo con el director del nosocomio, Santiago Hurtado Ar\u00e9valo, a las 11:45 horas recibieron una llamada de la polic\u00eda estatal para solicitar el apoyo para el traslado del marchista, quien desde minutos antes era atendido por un m\u00e9dico general de la localidad, quien refiere que al hacer la revisi\u00f3n, el hoy occiso llevaba 10 minutos con p\u00e9rdida del estado de alerta y sin signos vitales.<\/p>\n<p>De inmediato, fue trasladado por una ambulancia municipal y 10 minutos despu\u00e9s arrib\u00f3 al centro hospitalario, donde le realizaron maniobras de reanimaci\u00f3n durante 20 minutos, sin respuesta alguna, por lo que se estableci\u00f3 su muerte.<\/p>\n<p>&nbsp;<\/p>\n","protected":false},"excerpt":{"rendered":"<p>El andar\u00edn mexicano No\u00e9 Hern\u00e1ndez, quien falleci\u00f3 ayer de un paro cardiaco d\u00edas despu\u00e9s de ser herido de bala en la cabeza, fue el \u00faltimo h\u00e9roe ol\u00edmpico de la marcha mexicana con la plata ganada en los Juegos de Sydney 2000.<\/p>\n","protected":false},"author":1,"featured_media":0,"comment_status":"open","ping_status":"open","sticky":false,"template":"","format":"standard","meta":{"_monsterinsights_skip_tracking":false,"_monsterinsights_sitenote_active":false,"_monsterinsights_sitenote_note":"","_monsterinsights_sitenote_category":0,"footnotes":""},"categories":[17,10],"tags":[43680,2343,25724],"class_list":["post-117517","post","type-post","status-publish","format-standard","hentry","category-especiales","category-deportes","tag-deportes","tag-muere","tag-noe-hernandez"],"_links":{"self":[{"href":"https:\/\/www.diarioimagen.net\/index.php?rest_route=\/wp\/v2\/posts\/117517","targetHints":{"allow":["GET"]}}],"collection":[{"href":"https:\/\/www.diarioimagen.net\/index.php?rest_route=\/wp\/v2\/posts"}],"about":[{"href":"https:\/\/www.diarioimagen.net\/index.php?rest_route=\/wp\/v2\/types\/post"}],"author":[{"embeddable":true,"href":"https:\/\/www.diarioimagen.net\/index.php?rest_route=\/wp\/v2\/users\/1"}],"replies":[{"embeddable":true,"href":"https:\/\/www.diarioimagen.net\/index.php?rest_route=%2Fwp%2Fv2%2Fcomments&post=117517"}],"version-history":[{"count":0,"href":"https:\/\/www.diarioimagen.net\/index.php?rest_route=\/wp\/v2\/posts\/117517\/revisions"}],"wp:attachment":[{"href":"https:\/\/www.diarioimagen.net\/index.php?rest_route=%2Fwp%2Fv2%2Fmedia&parent=117517"}],"wp:term":[{"taxonomy":"category","embeddable":true,"href":"https:\/\/www.diarioimagen.net\/index.php?rest_route=%2Fwp%2Fv2%2Fcategories&post=117517"},{"taxonomy":"post_tag","embeddable":true,"href":"https:\/\/www.diarioimagen.net\/index.php?rest_route=%2Fwp%2Fv2%2Ftags&post=117517"}],"curies":[{"name":"wp","href":"https:\/\/api.w.org\/{rel}","templated":true}]}}