{"id":117528,"date":"2013-01-17T00:08:08","date_gmt":"2013-01-17T06:08:08","guid":{"rendered":"http:\/\/www.diarioimagen.net\/?p=117528"},"modified":"2013-01-17T01:46:34","modified_gmt":"2013-01-17T07:46:34","slug":"mexico-y-japon-estrechan-colaboracion-energetica","status":"publish","type":"post","link":"https:\/\/www.diarioimagen.net\/?p=117528","title":{"rendered":"M\u00e9xico y Jap\u00f3n estrechan colaboraci\u00f3n energ\u00e9tica"},"content":{"rendered":"<ul>\n<li><em><strong>Pedro Joaqu\u00edn Coldwell, titular de la Secretar\u00eda de Energ\u00eda, y el embajador japon\u00e9s, Shuichiro Megata, acuerdan fortalecer la cooperaci\u00f3n en la\u00a0 materia<\/strong><\/em><\/li>\n<\/ul>\n<div id=\"attachment_117635\" style=\"width: 250px\" class=\"wp-caption alignleft\"><a href=\"http:\/\/www.diarioimagen.net\/wp-content\/uploads\/2013\/01\/coldwell-2016.jpg\"><img loading=\"lazy\" decoding=\"async\" aria-describedby=\"caption-attachment-117635\" class=\"size-medium wp-image-117635\" alt=\"El secretario de Energ\u00eda, Pedro Joaqu\u00edn Coldwell y el embajador de Jap\u00f3n en M\u00e9xico, Shuichiro Megata, durante su reuni\u00f3n.\" src=\"http:\/\/www.diarioimagen.net\/wp-content\/uploads\/2013\/01\/coldwell-2016-240x135.jpg\" width=\"240\" height=\"135\" \/><\/a><p id=\"caption-attachment-117635\" class=\"wp-caption-text\">El secretario de Energ\u00eda, Pedro Joaqu\u00edn Coldwell y el embajador de Jap\u00f3n en M\u00e9xico, Shuichiro Megata, durante su reuni\u00f3n.<\/p><\/div>\n<p>El secretario de Energ\u00eda, Pedro Joaqu\u00edn Coldwell, y el embajador de Jap\u00f3n en M\u00e9xico, Shuichiro Megata , coincidieron durante una reuni\u00f3n en fortalecer los lazos de cooperaci\u00f3n y amistad bilateral, particularmente en las diversas gamas de la energ\u00eda y en especial las renovables.<\/p>\n<p>El titular del ramo explic\u00f3 al diplom\u00e1tico japon\u00e9s los cinco ejes rectores para el desarrollo de M\u00e9xico y las 13 acciones en \u00e1reas estrat\u00e9gicas que deline\u00f3 el presidente Enrique Pe\u00f1a Nieto al asumir el cargo, as\u00ed como el Pacto por M\u00e9xico y las reformas que requiere el pa\u00eds, una de las fundamentales es la energ\u00e9tica.<\/p>\n<p>El funcionario federal inform\u00f3 a Shuichiro Megata que la reforma energ\u00e9tica ser\u00e1 presentada ante el Congreso de la Uni\u00f3n en el segundo periodo ordinario de sesiones y lo m\u00e1s seguro es que las diversas fuerzas pol\u00edticas ah\u00ed representadas, den a conocer distintos proyectos en la materia, por lo que deber\u00e1 darse una amplia negociaci\u00f3n y discusi\u00f3n para alcanzar los consensos.<\/p>\n<p>A su vez, Shuichiro Megata mencion\u00f3 a Pedro Joaqu\u00edn Coldwell, los diversos proyectos que el gobierno federal, universidades y empresas de su pa\u00eds llevan a cabo en M\u00e9xico.<\/p>\n<p>Finalmente, Shuichiro Megata expres\u00f3 al titular de Energ\u00eda que tanto el gobierno como los centros de investigaci\u00f3n y las grandes compa\u00f1\u00edas de Jap\u00f3n est\u00e1n en la posici\u00f3n de redoblar los apoyos a M\u00e9xico en materia energ\u00e9tica en sus diversas modalidades. Tales como: e\u00f3lica, geot\u00e9rmica, solar, maremotriz y nuclear, as\u00ed como en la explotaci\u00f3n de hidrocarburos.<\/p>\n<p>En este \u00faltimo punto, el embajador de Jap\u00f3n en M\u00e9xico hizo ver que a ra\u00edz de la tragedia ocurrida hace dos a\u00f1os en la central de Fukushima, su pa\u00eds redobl\u00f3 esfuerzos en la revisi\u00f3n y prevenci\u00f3n de este tipo de accidentes que la naci\u00f3n asi\u00e1tica est\u00e1 dispuesta a compartir con nuestro pa\u00eds.<\/p>\n<p>Por parte de la embajada participaron Wataru Matsumura, primer secretario; Morio Sotsu, segundo secretario, y Yuko Koga, asesora de la Secci\u00f3n Pol\u00edtica.<\/p>\n<p>&nbsp;<\/p>\n","protected":false},"excerpt":{"rendered":"<p>El secretario de Energ\u00eda, Pedro Joaqu\u00edn Coldwell, y el embajador de Jap\u00f3n en M\u00e9xico, Shuichiro Megata , coincidieron durante una reuni\u00f3n en fortalecer los lazos de cooperaci\u00f3n y amistad bilateral, particularmente en las diversas gamas de la energ\u00eda y en especial las renovables.<\/p>\n","protected":false},"author":1,"featured_media":0,"comment_status":"open","ping_status":"open","sticky":false,"template":"","format":"standard","meta":{"_monsterinsights_skip_tracking":false,"_monsterinsights_sitenote_active":false,"_monsterinsights_sitenote_note":"","_monsterinsights_sitenote_category":0,"footnotes":""},"categories":[3],"tags":[847,44,43673,1012],"class_list":["post-117528","post","type-post","status-publish","format-standard","hentry","category-nacional","tag-japon","tag-mexico","tag-nacional","tag-pedro-joaquin-coldwell"],"_links":{"self":[{"href":"https:\/\/www.diarioimagen.net\/index.php?rest_route=\/wp\/v2\/posts\/117528","targetHints":{"allow":["GET"]}}],"collection":[{"href":"https:\/\/www.diarioimagen.net\/index.php?rest_route=\/wp\/v2\/posts"}],"about":[{"href":"https:\/\/www.diarioimagen.net\/index.php?rest_route=\/wp\/v2\/types\/post"}],"author":[{"embeddable":true,"href":"https:\/\/www.diarioimagen.net\/index.php?rest_route=\/wp\/v2\/users\/1"}],"replies":[{"embeddable":true,"href":"https:\/\/www.diarioimagen.net\/index.php?rest_route=%2Fwp%2Fv2%2Fcomments&post=117528"}],"version-history":[{"count":0,"href":"https:\/\/www.diarioimagen.net\/index.php?rest_route=\/wp\/v2\/posts\/117528\/revisions"}],"wp:attachment":[{"href":"https:\/\/www.diarioimagen.net\/index.php?rest_route=%2Fwp%2Fv2%2Fmedia&parent=117528"}],"wp:term":[{"taxonomy":"category","embeddable":true,"href":"https:\/\/www.diarioimagen.net\/index.php?rest_route=%2Fwp%2Fv2%2Fcategories&post=117528"},{"taxonomy":"post_tag","embeddable":true,"href":"https:\/\/www.diarioimagen.net\/index.php?rest_route=%2Fwp%2Fv2%2Ftags&post=117528"}],"curies":[{"name":"wp","href":"https:\/\/api.w.org\/{rel}","templated":true}]}}