{"id":117870,"date":"2013-01-19T00:04:47","date_gmt":"2013-01-19T06:04:47","guid":{"rendered":"http:\/\/www.diarioimagen.net\/?p=117870"},"modified":"2013-01-21T02:52:43","modified_gmt":"2013-01-21T08:52:43","slug":"anuncia-eruviel-avila-seguridad-social-y-becas-de-por-vida-para-hijas-de-noe-hernandez","status":"publish","type":"post","link":"https:\/\/www.diarioimagen.net\/?p=117870","title":{"rendered":"Anuncia Eruviel \u00c1vila seguridad social y becas de por vida para hijas de No\u00e9 Hern\u00e1ndez"},"content":{"rendered":"<p align=\"right\">\n<ul>\n<li><i>Inform\u00f3 que el gobierno mexiquense becar\u00e1, de por vida, a las dos hijas del ex marchista, y les brindar\u00e1 seguridad social.<\/i><\/li>\n<li><i>Asegur\u00f3 que propondr\u00e1 al extinto medallista ol\u00edmpico para que sea reconocido el pr\u00f3ximo 2 de marzo con la Presea Estado de M\u00e9xico post mortem, dentro del marco de la Ley del M\u00e9rito C\u00edvico del Estado de M\u00e9xico.<\/i><\/li>\n<li><i>Inaugur\u00f3 la Plaza Estado de M\u00e9xico de Jaltenco, que cuenta con casi dos hect\u00e1reas de superficie y tuvo una inversi\u00f3n de 4.9 millones de pesos.<\/i><\/li>\n<\/ul>\n<div id=\"attachment_117871\" style=\"width: 250px\" class=\"wp-caption alignleft\"><a href=\"http:\/\/www.diarioimagen.net\/wp-content\/uploads\/2013\/01\/eruviel-19-1.jpg\"><img loading=\"lazy\" decoding=\"async\" aria-describedby=\"caption-attachment-117871\" class=\"size-medium wp-image-117871\" alt=\"Tras inaugurar la Plaza Estado de M\u00e9xico de este municipio, que cuenta con una extensi\u00f3n aproximada de dos hect\u00e1reas, y se convierte en un sitio ideal para la convivencia familiar, el gobernador Eruviel \u00c1vila Villegas expres\u00f3 sus condolencias a la familia del medallista ol\u00edmpico mexiquense No\u00e9 Hern\u00e1ndez, y anunci\u00f3 que el gobierno estatal brindar\u00e1 seguridad social y becas de por vida a sus dos hijas; adem\u00e1s de que propondr\u00e1, dentro del marco de la Ley del M\u00e9rito Civil del Estado de M\u00e9xico, que el extinto andar\u00edn sea reconocido con la Presea Estado de M\u00e9xico post mortem, el pr\u00f3ximo 2 de marzo.\" src=\"http:\/\/www.diarioimagen.net\/wp-content\/uploads\/2013\/01\/eruviel-19-1-240x135.jpg\" width=\"240\" height=\"135\" \/><\/a><p id=\"caption-attachment-117871\" class=\"wp-caption-text\">Tras inaugurar la Plaza Estado de M\u00e9xico de este municipio, que cuenta con una extensi\u00f3n aproximada de dos hect\u00e1reas, y se convierte en un sitio ideal para la convivencia familiar, el gobernador Eruviel \u00c1vila Villegas expres\u00f3 sus condolencias a la familia del medallista ol\u00edmpico mexiquense No\u00e9 Hern\u00e1ndez, y anunci\u00f3 que el gobierno estatal brindar\u00e1 seguridad social y becas de por vida a sus dos hijas; adem\u00e1s de que propondr\u00e1, dentro del marco de la Ley del M\u00e9rito Civil del Estado de M\u00e9xico, que el extinto andar\u00edn sea reconocido con la Presea Estado de M\u00e9xico post mortem, el pr\u00f3ximo 2 de marzo.<\/p><\/div>\n<p><b>Jaltenco, Estado de M\u00e9xico.- <\/b>El gobernador Eruviel \u00c1vila Villegas expres\u00f3 sus condolencias a la familia del medallista ol\u00edmpico mexiquense No\u00e9 Hern\u00e1ndez, y anunci\u00f3 que el gobierno mexiquense brindar\u00e1 seguridad social y becas de por vida a sus dos hijas; adem\u00e1s de que propondr\u00e1, dentro del marco de la Ley del M\u00e9rito Civil del Estado de M\u00e9xico, que el extinto andar\u00edn sea reconocido con la Presea Estado de M\u00e9xico post mortem, el pr\u00f3ximo 2 de marzo, ya que fue un hombre valioso y grande, y asimismo se pondr\u00e1 el nombre del deportista a una de las Plazas Estado de M\u00e9xico pr\u00f3ximas a inaugurarse.<\/p>\n<p>\u00abYo desde aqu\u00ed le expreso a su familia, en nombre de todos los mexiquenses, a sus hijas, nuestras condolencias, lo vamos a tener siempre muy presente. Quiero que sepan que en nombre de los mexiquenses habremos de becar de por vida a sus dos hijitas, una de 10 a\u00f1os y una de 5 a\u00f1os, yo s\u00e9 que No\u00e9 trabajaba muy fuerte para que ellas salieran adelante, para que ellas se prepararan, as\u00ed es que tambi\u00e9n en nombre de ustedes vamos a becar a estas dos peque\u00f1itas para que salgan adelante como se lo merecen\u00bb, se\u00f1al\u00f3.<\/p>\n<p>Esto durante la inauguraci\u00f3n de la Plaza Estado de M\u00e9xico de este municipio, la cual cuenta con casi dos hect\u00e1reas de superficie y tuvo una inversi\u00f3n de 4.9 millones de pesos.<\/p>\n<p>Eruviel \u00c1vila afirm\u00f3 que este lugar se convierte en un sitio ideal para la actividad f\u00edsica, la convivencia familiar y la recreaci\u00f3n de ni\u00f1os, j\u00f3venes, adultos mayores y personas con capacidades diferentes, adem\u00e1s de que contribuye a mejorar el medio ambiente con sus \u00e1reas verdes,\u00a0 as\u00ed como con l\u00e1mparas solares para su iluminaci\u00f3n.<\/p>\n<p>\u00abAmigas, amigos, hoy entregamos esta importante obra que habr\u00e1 de ser de mucha utilidad para que nuestros hijos, para que nuestros ni\u00f1os y j\u00f3venes puedan canalizar sus energ\u00eda en cuestiones positivas, yo me compromet\u00ed en su momento, uno de los compromisos que firm\u00e9 ante notario fue precisamente que habr\u00edamos de impulsar la creaci\u00f3n de las plazas estado de M\u00e9xico, en toda la entidad, en todos los municipios, que ser\u00edan centros de recreaci\u00f3n, de convivencia familiar, de todas las vecinas, los vecinos, los j\u00f3venes, los ni\u00f1os del Estado de M\u00e9xico y especialmente, en este caso, de Jaltenco\u00bb, dijo.<\/p>\n<p>Acompa\u00f1ado por el presidente municipal de Jaltenco, Gabino Pardines Rodr\u00edguez, el gobernador Eruviel \u00c1vila devel\u00f3 la placa inaugural de este espacio, ubicado en la colonia Alborada, misma que cuenta con una cancha de futbol r\u00e1pido, rampas para bicicletas y patinetas, trotapista, ciclopista, pista para triciclos, \u00e1rea de ejercitadores, juegos infantiles para peque\u00f1os con capacidades diferentes, juegos para adultos mayores y dos canchas de usos m\u00faltiples.<\/p>\n<p>El titular del Ejecutivo estatal destac\u00f3 que su gobierno trabajar\u00e1 de manera coordinada con el ayuntamiento de Jaltenco para impulsar proyectos de vialidades, infraestructura y alumbrado, apoyando con recursos, adem\u00e1s de que se realizar\u00e1 la solicitud ante la instancia federal para que esta demarcaci\u00f3n acceda a los apoyos del Subsidio para la Seguridad en los Municipios (Subsemun), ya que es un municipio cercano a la zona metropolitana con el Distrito Federal.<\/p>\n<p>En presencia de los secretarios de Agua y Obra P\u00fablica, Manuel Ort\u00edz Garc\u00eda; y Comunicaciones, Apolinar Mena Vargas, Eruviel \u00c1vila resalt\u00f3 algunos de los compromisos y acciones que su administraci\u00f3n ha entregado en beneficio de las familias jaltenquenses y de esta regi\u00f3n de Zumpango, entre las que se encuentra la construcci\u00f3n de la biblioteca digital de la cabecera municipal, que se estar\u00e1 entregando en los pr\u00f3ximos meses, donde las mujeres, j\u00f3venes y adultos mayores pueden aprender computaci\u00f3n y cursar, incluso, una carrera profesional.<\/p>\n","protected":false},"excerpt":{"rendered":"<p>El gobernador Eruviel \u00c1vila Villegas expres\u00f3 sus condolencias a la familia del medallista ol\u00edmpico mexiquense No\u00e9 Hern\u00e1ndez, y anunci\u00f3 que el gobierno mexiquense brindar\u00e1 seguridad social y becas de por vida a sus dos hijas; adem\u00e1s de que propondr\u00e1, dentro del marco de la Ley del M\u00e9rito Civil del Estado de M\u00e9xico, que el extinto andar\u00edn sea reconocido con la Presea Estado de M\u00e9xico post mortem, el pr\u00f3ximo 2 de marzo, ya que fue un hombre valioso y grande, y asimismo se pondr\u00e1 el nombre del deportista a una de las Plazas Estado de M\u00e9xico pr\u00f3ximas a inaugurarse.<\/p>\n","protected":false},"author":1,"featured_media":0,"comment_status":"open","ping_status":"open","sticky":false,"template":"","format":"standard","meta":{"_monsterinsights_skip_tracking":false,"_monsterinsights_sitenote_active":false,"_monsterinsights_sitenote_note":"","_monsterinsights_sitenote_category":0,"footnotes":""},"categories":[17],"tags":[5828,43675,19095,25724,25622],"class_list":["post-117870","post","type-post","status-publish","format-standard","hentry","category-especiales","tag-eruviel-avila-villegas","tag-estado-de-mexico","tag-jaltenco","tag-noe-hernandez","tag-plaza-estado-de-mexico"],"_links":{"self":[{"href":"https:\/\/www.diarioimagen.net\/index.php?rest_route=\/wp\/v2\/posts\/117870","targetHints":{"allow":["GET"]}}],"collection":[{"href":"https:\/\/www.diarioimagen.net\/index.php?rest_route=\/wp\/v2\/posts"}],"about":[{"href":"https:\/\/www.diarioimagen.net\/index.php?rest_route=\/wp\/v2\/types\/post"}],"author":[{"embeddable":true,"href":"https:\/\/www.diarioimagen.net\/index.php?rest_route=\/wp\/v2\/users\/1"}],"replies":[{"embeddable":true,"href":"https:\/\/www.diarioimagen.net\/index.php?rest_route=%2Fwp%2Fv2%2Fcomments&post=117870"}],"version-history":[{"count":0,"href":"https:\/\/www.diarioimagen.net\/index.php?rest_route=\/wp\/v2\/posts\/117870\/revisions"}],"wp:attachment":[{"href":"https:\/\/www.diarioimagen.net\/index.php?rest_route=%2Fwp%2Fv2%2Fmedia&parent=117870"}],"wp:term":[{"taxonomy":"category","embeddable":true,"href":"https:\/\/www.diarioimagen.net\/index.php?rest_route=%2Fwp%2Fv2%2Fcategories&post=117870"},{"taxonomy":"post_tag","embeddable":true,"href":"https:\/\/www.diarioimagen.net\/index.php?rest_route=%2Fwp%2Fv2%2Ftags&post=117870"}],"curies":[{"name":"wp","href":"https:\/\/api.w.org\/{rel}","templated":true}]}}