{"id":118099,"date":"2013-01-22T00:02:49","date_gmt":"2013-01-22T06:02:49","guid":{"rendered":"http:\/\/www.diarioimagen.net\/?p=118099"},"modified":"2013-01-22T04:06:48","modified_gmt":"2013-01-22T10:06:48","slug":"concertar-para-que","status":"publish","type":"post","link":"https:\/\/www.diarioimagen.net\/?p=118099","title":{"rendered":"Concertar, para qu\u00e9"},"content":{"rendered":"<h2>Acta P\u00fablica<\/h2>\n<h5>Claudia Rodr\u00edguez<\/h5>\n<p>&nbsp;<\/p>\n<p>El logotipo de la organizaci\u00f3n Concertaci\u00f3n Mexicana, lo dice todo.<\/p>\n<p>Seis manos en colores diversos que van del rosa al amarillo, naranja, azul, rojo y verde, tras la silueta de una Rep\u00fablica mexicana en blanco; es la imagen que respalda a este organismo que pretende consolidarse como un partido pol\u00edtico m\u00e1s, y que se promueve como un movimiento de izquierda alternativa.<\/p>\n<p>El d\u00eda de ayer, Manuel Espino Barrientos el ex panista y tambi\u00e9n ex presidente de Acci\u00f3n Nacional, concret\u00f3 uno de los pasos avisados desde finales del a\u00f1o pasado, para convertir a su movimiento en organizaci\u00f3n pol\u00edtica y as\u00ed, formaliz\u00f3 ante el Instituto Federal Electoral (IFE) la notificaci\u00f3n de sus pretensiones.<\/p>\n<p>Como al Movimiento de Regeneraci\u00f3n Nacional (Morena) de Andr\u00e9s Manuel L\u00f3pez Obrador, Concertaci\u00f3n Mexicana tendr\u00e1 que seguir los tr\u00e1mites y conocer el desenlace de su petici\u00f3n ante el \u00f3rgano electoral hasta el 2014.<\/p>\n<p>Pero no nos enga\u00f1emos, las organizaciones que intentan un registro como nuevo partido pol\u00edtico, en un gran porcentaje las conforman resentidos de sus anteriores institutos pol\u00edticos.<\/p>\n<p>Espino Barrientos afirma que en este proyecto tienen cabida todos los mexicanos indignados.\u00a0 En donde habr\u00eda que acotar que esta indignaci\u00f3n no deviene en primera instancia del desd\u00e9n propinado a cada uno de esos individuos.<\/p>\n<p>Y claro, de que est\u00e1n ciertos de que la \u00fanica forma de acceder al presupuesto electoral, es a trav\u00e9s de un \u00f3rgano pol\u00edtico registrado, m\u00e1s all\u00e1 de la posibilidad o no de llegar al poder.<\/p>\n<p>Pero he descubierto por qu\u00e9 Concertaci\u00f3n es la primera palabra de este movimiento.<\/p>\n<p>En efecto concertar es un mecanismo de planeaci\u00f3n para articular mediante el acuerdo las prioridades, pero tambi\u00e9n permite cambios de rumbo para llegar con mayor rapidez hacia los objetivos.<\/p>\n<p>As\u00ed de r\u00e1pido panistas, perredistas y otros de la socialdemocracia cambiaron el rumbo para alcanzar sus objetivos, aunque no sea tan r\u00e1pido como ellos lo planearon.<\/p>\n<p><em><b>Acta Divina\u2026<\/b><\/em>\u00a0Desde un principio, el ex panista Manuel Espino anunci\u00f3 que en su nuevo partido pol\u00edtico, el de la Concertaci\u00f3n Mexicana, tendr\u00e1n cabida todos \u201clos indignados\u201d.<\/p>\n<p>Para advertir\u2026\u00a0 \u00a0El plan h\u00eddrico nacional anunciado esta semana por el presidente Enrique Pe\u00f1a Nieto, considera la prevenci\u00f3n de manera puntual, m\u00e1s all\u00e1 de la ayuda posterior a un evento de inundaci\u00f3n.<\/p>\n<p>Esperemos d\u00e9 resultados positivos.<\/p>\n<p><em><a href=\"mailto:actapublica@gmail.com\" target=\"_blank\">actapublica@gmail.com<\/a><\/em><\/p>\n","protected":false},"excerpt":{"rendered":"<p><span style=\"color: #005497;\"><strong>Claudia Rodr\u00edguez<\/strong><\/span><\/p>\n","protected":false},"author":1,"featured_media":0,"comment_status":"open","ping_status":"open","sticky":false,"template":"","format":"standard","meta":{"_monsterinsights_skip_tracking":false,"_monsterinsights_sitenote_active":false,"_monsterinsights_sitenote_note":"","_monsterinsights_sitenote_category":0,"footnotes":""},"categories":[1281],"tags":[25819,43674],"class_list":["post-118099","post","type-post","status-publish","format-standard","hentry","category-claudia-rodriguez","tag-concertacion-mexicana","tag-opinion"],"_links":{"self":[{"href":"https:\/\/www.diarioimagen.net\/index.php?rest_route=\/wp\/v2\/posts\/118099","targetHints":{"allow":["GET"]}}],"collection":[{"href":"https:\/\/www.diarioimagen.net\/index.php?rest_route=\/wp\/v2\/posts"}],"about":[{"href":"https:\/\/www.diarioimagen.net\/index.php?rest_route=\/wp\/v2\/types\/post"}],"author":[{"embeddable":true,"href":"https:\/\/www.diarioimagen.net\/index.php?rest_route=\/wp\/v2\/users\/1"}],"replies":[{"embeddable":true,"href":"https:\/\/www.diarioimagen.net\/index.php?rest_route=%2Fwp%2Fv2%2Fcomments&post=118099"}],"version-history":[{"count":0,"href":"https:\/\/www.diarioimagen.net\/index.php?rest_route=\/wp\/v2\/posts\/118099\/revisions"}],"wp:attachment":[{"href":"https:\/\/www.diarioimagen.net\/index.php?rest_route=%2Fwp%2Fv2%2Fmedia&parent=118099"}],"wp:term":[{"taxonomy":"category","embeddable":true,"href":"https:\/\/www.diarioimagen.net\/index.php?rest_route=%2Fwp%2Fv2%2Fcategories&post=118099"},{"taxonomy":"post_tag","embeddable":true,"href":"https:\/\/www.diarioimagen.net\/index.php?rest_route=%2Fwp%2Fv2%2Ftags&post=118099"}],"curies":[{"name":"wp","href":"https:\/\/api.w.org\/{rel}","templated":true}]}}