{"id":118118,"date":"2013-01-22T00:04:14","date_gmt":"2013-01-22T06:04:14","guid":{"rendered":"http:\/\/www.diarioimagen.net\/?p=118118"},"modified":"2013-01-23T03:00:05","modified_gmt":"2013-01-23T09:00:05","slug":"seguira-el-frio-en-la-mayor-parte-del-pais-sinaproc","status":"publish","type":"post","link":"https:\/\/www.diarioimagen.net\/?p=118118","title":{"rendered":"Seguir\u00e1 el fr\u00edo en la mayor parte del pa\u00eds: Sinaproc"},"content":{"rendered":"<ul>\n<li><em><strong>Prev\u00e9 heladas en zonas serranas<\/strong><\/em><\/li>\n<\/ul>\n<div id=\"attachment_118179\" style=\"width: 250px\" class=\"wp-caption alignleft\"><a href=\"http:\/\/www.diarioimagen.net\/wp-content\/uploads\/2013\/01\/FRIO-2019.jpg\"><img loading=\"lazy\" decoding=\"async\" aria-describedby=\"caption-attachment-118179\" class=\"size-medium wp-image-118179\" alt=\"Los remanentes del frente fr\u00edo generan lluvias de moderadas a ligeras.\" src=\"http:\/\/www.diarioimagen.net\/wp-content\/uploads\/2013\/01\/FRIO-2019-240x135.jpg\" width=\"240\" height=\"135\" \/><\/a><p id=\"caption-attachment-118179\" class=\"wp-caption-text\">Los remanentes del frente fr\u00edo generan lluvias de moderadas a ligeras.<\/p><\/div>\n<p>Los remanentes de la masa de aire fr\u00edo, asociada al frente fr\u00edo \u201c21\u201d, mantendr\u00e1 bajas temperaturas en el norte, centro y oriente del territorio nacional, alert\u00f3 el Sistema Nacional de Protecci\u00f3n Civil (Sinaproc).<\/p>\n<p>El organismo de la Secretar\u00eda de Gobernaci\u00f3n (Segob) indic\u00f3 que habr\u00e1 un \u201cNorte\u201d de ligero a moderado en zonas costeras y mar\u00edtimas del Golfo de Tehuantepec, que al interaccionar con nubosidad procedente del oc\u00e9ano Pac\u00edfico, favorecer\u00e1 lluvias de ligeras a moderadas en el noreste, centro, centro-oriente y sur-sureste del pa\u00eds.<\/p>\n<p>Dicho fen\u00f3meno tambi\u00e9n generar\u00e1 vientos con intensidad de 30 a 45 kil\u00f3metros por hora con rachas de 60 kil\u00f3metros por hora y olas de dos a tres metros en las costas y zona mar\u00edtimas del Golfo de Tehuantepec.<\/p>\n<p>Asimismo, pronostic\u00f3 fr\u00edo en las regiones norte y centro del pa\u00eds, as\u00ed como heladas, principalmente en zonas serranas y descampadas, y no se descarta la ca\u00edda de aguanieve en el Popocat\u00e9petl, Iztacc\u00edhuatl, Nevado de Toluca, Malinche, Cofre de Perote y Pico de Orizaba.<\/p>\n<p>En su alerta hidrometeorol\u00f3gica, el Sinaproc se\u00f1al\u00f3 que el nuevo frente fr\u00edo d\u00e9bil se podr\u00eda ubicar al noreste de M\u00e9xico, lo que ocasionar\u00eda un nuevo descenso de temperatura y vientos fuertes en esa regi\u00f3n.<\/p>\n<p>&nbsp;<\/p>\n","protected":false},"excerpt":{"rendered":"<p>territorio nacional, alert\u00f3 el Sistema Nacional de Protecci\u00f3n Civil (Sinaproc). El organismo de la Secretar\u00eda de Gobernaci\u00f3n (Segob) indic\u00f3 que habr\u00e1 un \u201cNorte\u201d de ligero a moderado en zonas costeras y mar\u00edtimas del Golfo de Tehuantepec, que al interaccionar con nubosidad procedente del oc\u00e9ano Pac\u00edfico, favorecer\u00e1 lluvias de ligeras a moderadas en el noreste, centro, centro-oriente y sur-sureste del pa\u00eds.<\/p>\n","protected":false},"author":1,"featured_media":0,"comment_status":"open","ping_status":"open","sticky":false,"template":"","format":"standard","meta":{"_monsterinsights_skip_tracking":false,"_monsterinsights_sitenote_active":false,"_monsterinsights_sitenote_note":"","_monsterinsights_sitenote_category":0,"footnotes":""},"categories":[17,3],"tags":[127,2095,1849,43673,382],"class_list":["post-118118","post","type-post","status-publish","format-standard","hentry","category-especiales","category-nacional","tag-frio","tag-heladas","tag-lluvias","tag-nacional","tag-sistema-nacional-de-proteccion-civil"],"_links":{"self":[{"href":"https:\/\/www.diarioimagen.net\/index.php?rest_route=\/wp\/v2\/posts\/118118","targetHints":{"allow":["GET"]}}],"collection":[{"href":"https:\/\/www.diarioimagen.net\/index.php?rest_route=\/wp\/v2\/posts"}],"about":[{"href":"https:\/\/www.diarioimagen.net\/index.php?rest_route=\/wp\/v2\/types\/post"}],"author":[{"embeddable":true,"href":"https:\/\/www.diarioimagen.net\/index.php?rest_route=\/wp\/v2\/users\/1"}],"replies":[{"embeddable":true,"href":"https:\/\/www.diarioimagen.net\/index.php?rest_route=%2Fwp%2Fv2%2Fcomments&post=118118"}],"version-history":[{"count":0,"href":"https:\/\/www.diarioimagen.net\/index.php?rest_route=\/wp\/v2\/posts\/118118\/revisions"}],"wp:attachment":[{"href":"https:\/\/www.diarioimagen.net\/index.php?rest_route=%2Fwp%2Fv2%2Fmedia&parent=118118"}],"wp:term":[{"taxonomy":"category","embeddable":true,"href":"https:\/\/www.diarioimagen.net\/index.php?rest_route=%2Fwp%2Fv2%2Fcategories&post=118118"},{"taxonomy":"post_tag","embeddable":true,"href":"https:\/\/www.diarioimagen.net\/index.php?rest_route=%2Fwp%2Fv2%2Ftags&post=118118"}],"curies":[{"name":"wp","href":"https:\/\/api.w.org\/{rel}","templated":true}]}}