{"id":118137,"date":"2013-01-22T00:08:23","date_gmt":"2013-01-22T06:08:23","guid":{"rendered":"http:\/\/www.diarioimagen.net\/?p=118137"},"modified":"2013-01-28T01:04:40","modified_gmt":"2013-01-28T07:04:40","slug":"inauguran-muestra-del-diplomado-integral-en-fotografia-de-la-uaem","status":"publish","type":"post","link":"https:\/\/www.diarioimagen.net\/?p=118137","title":{"rendered":"Inauguran muestra del Diplomado Integral en Fotograf\u00eda de la UAEM"},"content":{"rendered":"<ul>\n<li><em><strong>En la \u201cCasa de las Diligencias\u201d<\/strong><\/em><\/li>\n<\/ul>\n<div id=\"attachment_118210\" style=\"width: 250px\" class=\"wp-caption alignleft\"><a href=\"http:\/\/www.diarioimagen.net\/wp-content\/uploads\/2013\/01\/UAEM-2019.jpg\"><img loading=\"lazy\" decoding=\"async\" aria-describedby=\"caption-attachment-118210\" class=\"size-medium wp-image-118210\" alt=\"A partir de este fin de semana se exhibe la colecci\u00f3n \u201cSombras al final de ciclos\u201d en la \u201cCasa de las Diligencias\u201d.\" src=\"http:\/\/www.diarioimagen.net\/wp-content\/uploads\/2013\/01\/UAEM-2019-240x135.jpg\" width=\"240\" height=\"135\" \/><\/a><p id=\"caption-attachment-118210\" class=\"wp-caption-text\">A partir de este fin de semana se exhibe la colecci\u00f3n \u201cSombras al final de ciclos\u201d en la \u201cCasa de las Diligencias\u201d.<\/p><\/div>\n<p><strong>Toluca, Estado de M\u00e9xico.-<\/strong> Con la inauguraci\u00f3n de la colecci\u00f3n Sombras al final de ciclos, que a partir de este fin de semana se exhibe en la Sala 12 del Centro Cultural Universitario \u201cCasa de las Diligencias\u201d y que permanecer\u00e1 hasta el 22 de febrero, concluy\u00f3 la 5\u00aa promoci\u00f3n del Diplomado Integral en Fotograf\u00eda \u201cDe lo an\u00e1logo a lo digital\u201d, que oferta la Facultad de Arquitectura y Dise\u00f1o de la Universidad Aut\u00f3noma del Estado de M\u00e9xico. Esta muestra agrupa 38 obras de 19 participantes en dicho diplomado, que tuvo una duraci\u00f3n de 180 horas (del 14 de abril de 2012 al 19 de enero de 2013) y que la Facultad de Arquitectura y Dise\u00f1o ofrece tanto a la comunidad universitaria como al p\u00fablico interesado en profesionalizar sus conocimientos en fotograf\u00eda digital.<\/p>\n<p>El director de este organismo universitario, Jorge Eduardo Vald\u00e9s Garc\u00e9s, se\u00f1alo que la facultad oferta este programa con la finalidad de que los asistentes profesionalicen sus conocimientos, y concluye con la exhibici\u00f3n de los mejores trabajos de los participantes.<\/p>\n<p>Antes de inaugurar la exposici\u00f3n colectiva, el directivo entreg\u00f3 reconocimientos a los 19 participantes en el diplomado, quienes destacaron que encontraron en la m\u00e1xima casa de estudios mexiquense el espacio id\u00f3neo para actualizarse, profundizar y especializar sus conocimientos en esta materia. Sombras al final de ciclos, consider\u00f3, es una amalgama de im\u00e1genes sobre las diversas interpretaciones que tienen los egresados del diplomado con respecto a la labor fotogr\u00e1fica; \u201cde ah\u00ed que se encuentre una gran variedad de tomas, tanto en color como en blanco y negro\u201d.<\/p>\n<p>&nbsp;<\/p>\n","protected":false},"excerpt":{"rendered":"<p>Con la inauguraci\u00f3n de la colecci\u00f3n Sombras al final de ciclos, que a partir de este fin de semana se exhibe en la Sala 12 del Centro Cultural Universitario \u201cCasa de las Diligencias\u201d y que permanecer\u00e1 hasta el 22 de febrero, concluy\u00f3 la 5\u00aa promoci\u00f3n del Diplomado Integral en Fotograf\u00eda \u201cDe lo an\u00e1logo a lo digital\u201d, que oferta la Facultad de Arquitectura y Dise\u00f1o de la Universidad Aut\u00f3noma del Estado de M\u00e9xico.<\/p>\n","protected":false},"author":1,"featured_media":0,"comment_status":"open","ping_status":"open","sticky":false,"template":"","format":"standard","meta":{"_monsterinsights_skip_tracking":false,"_monsterinsights_sitenote_active":false,"_monsterinsights_sitenote_note":"","_monsterinsights_sitenote_category":0,"footnotes":""},"categories":[5],"tags":[43675,755,1490],"class_list":["post-118137","post","type-post","status-publish","format-standard","hentry","category-estado-de-mexico","tag-estado-de-mexico","tag-fotografia","tag-universidad-autonoma-del-estado-de-mexico"],"_links":{"self":[{"href":"https:\/\/www.diarioimagen.net\/index.php?rest_route=\/wp\/v2\/posts\/118137","targetHints":{"allow":["GET"]}}],"collection":[{"href":"https:\/\/www.diarioimagen.net\/index.php?rest_route=\/wp\/v2\/posts"}],"about":[{"href":"https:\/\/www.diarioimagen.net\/index.php?rest_route=\/wp\/v2\/types\/post"}],"author":[{"embeddable":true,"href":"https:\/\/www.diarioimagen.net\/index.php?rest_route=\/wp\/v2\/users\/1"}],"replies":[{"embeddable":true,"href":"https:\/\/www.diarioimagen.net\/index.php?rest_route=%2Fwp%2Fv2%2Fcomments&post=118137"}],"version-history":[{"count":0,"href":"https:\/\/www.diarioimagen.net\/index.php?rest_route=\/wp\/v2\/posts\/118137\/revisions"}],"wp:attachment":[{"href":"https:\/\/www.diarioimagen.net\/index.php?rest_route=%2Fwp%2Fv2%2Fmedia&parent=118137"}],"wp:term":[{"taxonomy":"category","embeddable":true,"href":"https:\/\/www.diarioimagen.net\/index.php?rest_route=%2Fwp%2Fv2%2Fcategories&post=118137"},{"taxonomy":"post_tag","embeddable":true,"href":"https:\/\/www.diarioimagen.net\/index.php?rest_route=%2Fwp%2Fv2%2Ftags&post=118137"}],"curies":[{"name":"wp","href":"https:\/\/api.w.org\/{rel}","templated":true}]}}