{"id":118267,"date":"2013-01-23T00:02:21","date_gmt":"2013-01-23T06:02:21","guid":{"rendered":"http:\/\/www.diarioimagen.net\/?p=118267"},"modified":"2013-01-24T04:19:16","modified_gmt":"2013-01-24T10:19:16","slug":"ejercito-pgr-y-pf-vigilan-ecatepec","status":"publish","type":"post","link":"https:\/\/www.diarioimagen.net\/?p=118267","title":{"rendered":"Ej\u00e9rcito, PGR y PF vigilan Ecatepec"},"content":{"rendered":"<ul>\n<li><em><strong>Instalan Base de Operaciones Mixtas<\/strong><\/em><\/li>\n<\/ul>\n<div id=\"attachment_118398\" style=\"width: 250px\" class=\"wp-caption alignleft\"><a href=\"http:\/\/www.diarioimagen.net\/wp-content\/uploads\/2013\/01\/ecatepec-2020.jpg\"><img loading=\"lazy\" decoding=\"async\" aria-describedby=\"caption-attachment-118398\" class=\"size-medium wp-image-118398\" alt=\"Fue puesta en operaci\u00f3n la Base Mixta de Coordinaci\u00f3n de Patrullaje.\" src=\"http:\/\/www.diarioimagen.net\/wp-content\/uploads\/2013\/01\/ecatepec-2020-240x135.jpg\" width=\"240\" height=\"135\" \/><\/a><p id=\"caption-attachment-118398\" class=\"wp-caption-text\">Fue puesta en operaci\u00f3n la Base Mixta de Coordinaci\u00f3n de Patrullaje.<\/p><\/div>\n<p>El alcalde Pablo Bedolla puso en marcha la Base de Operaciones Mixta de Coordinaci\u00f3n de Patrullaje entre el Ej\u00e9rcito mexicano, PGR, PGJE, Polic\u00eda Federal, Secretar\u00eda de Seguridad Ciudadana y la direcci\u00f3n de Seguridad Ciudadana.<\/p>\n<p>Indic\u00f3 que la vigilancia se reforzar\u00e1 en todo el municipio, principalmente en los nueves accesos y en la colonias que registran mayor incidencia delictiva como Ciudad Azteca, Jardines de Morelos, San Agust\u00edn, Sierra de Guadalupe y Ciudad Cuauht\u00e9moc.<\/p>\n<p>Precis\u00f3 que a partir de hoy, en la Base de Operaciones Mixtas los elementos de los tres \u00f3rdenes de gobierno comenzar\u00e1n la instalaci\u00f3n de retenes, patrullajes y operativos durante las 24 horas en Ecatepec.<\/p>\n<p>\u201cPara nosotros es muy importante la coordinaci\u00f3n de esfuerzos de todas las instancias de gobierno\u201d.<\/p>\n<p>&nbsp;<\/p>\n","protected":false},"excerpt":{"rendered":"<p>El alcalde Pablo Bedolla puso en marcha la Base de Operaciones Mixta de Coordinaci\u00f3n de Patrullaje entre el Ej\u00e9rcito mexicano, PGR, PGJE, Polic\u00eda Federal, Secretar\u00eda de Seguridad Ciudadana y la direcci\u00f3n de Seguridad Ciudadana.<\/p>\n","protected":false},"author":1,"featured_media":0,"comment_status":"open","ping_status":"open","sticky":false,"template":"","format":"standard","meta":{"_monsterinsights_skip_tracking":false,"_monsterinsights_sitenote_active":false,"_monsterinsights_sitenote_note":"","_monsterinsights_sitenote_category":0,"footnotes":""},"categories":[17,7],"tags":[454,3573,1075,232,43677],"class_list":["post-118267","post","type-post","status-publish","format-standard","hentry","category-especiales","category-seguridad","tag-ecatepec","tag-ejercito-mexicano","tag-pgje","tag-pgr","tag-seguridad"],"_links":{"self":[{"href":"https:\/\/www.diarioimagen.net\/index.php?rest_route=\/wp\/v2\/posts\/118267","targetHints":{"allow":["GET"]}}],"collection":[{"href":"https:\/\/www.diarioimagen.net\/index.php?rest_route=\/wp\/v2\/posts"}],"about":[{"href":"https:\/\/www.diarioimagen.net\/index.php?rest_route=\/wp\/v2\/types\/post"}],"author":[{"embeddable":true,"href":"https:\/\/www.diarioimagen.net\/index.php?rest_route=\/wp\/v2\/users\/1"}],"replies":[{"embeddable":true,"href":"https:\/\/www.diarioimagen.net\/index.php?rest_route=%2Fwp%2Fv2%2Fcomments&post=118267"}],"version-history":[{"count":0,"href":"https:\/\/www.diarioimagen.net\/index.php?rest_route=\/wp\/v2\/posts\/118267\/revisions"}],"wp:attachment":[{"href":"https:\/\/www.diarioimagen.net\/index.php?rest_route=%2Fwp%2Fv2%2Fmedia&parent=118267"}],"wp:term":[{"taxonomy":"category","embeddable":true,"href":"https:\/\/www.diarioimagen.net\/index.php?rest_route=%2Fwp%2Fv2%2Fcategories&post=118267"},{"taxonomy":"post_tag","embeddable":true,"href":"https:\/\/www.diarioimagen.net\/index.php?rest_route=%2Fwp%2Fv2%2Ftags&post=118267"}],"curies":[{"name":"wp","href":"https:\/\/api.w.org\/{rel}","templated":true}]}}