{"id":118289,"date":"2013-01-23T00:04:35","date_gmt":"2013-01-23T06:04:35","guid":{"rendered":"http:\/\/www.diarioimagen.net\/?p=118289"},"modified":"2013-01-24T04:19:40","modified_gmt":"2013-01-24T10:19:40","slug":"fortalecimiento-del-tsjdf-simbolo-de-modernidad-para-df-mancera","status":"publish","type":"post","link":"https:\/\/www.diarioimagen.net\/?p=118289","title":{"rendered":"Fortalecimiento del TSJDF, s\u00edmbolo de modernidad para DF: Mancera"},"content":{"rendered":"<ul>\n<li><em><strong>Llama el jefe de Gobierno del DF a magistrados a trabajar en la Reforma Pol\u00edtica de la Ciudad de M\u00e9xico<\/strong><\/em><\/li>\n<li><em><strong>El presidente del TSJDF, Edgar El\u00edas Azar, encabez\u00f3 la sesi\u00f3n en la que el consejero Jur\u00eddico de la Presidencia de la Rep\u00fablica entreg\u00f3 el decreto por el que se faculta al \u00f3rgano jurisdiccional capitalino a iniciar leyes ante la ALDF<\/strong><\/em><\/li>\n<\/ul>\n<div id=\"attachment_118408\" style=\"width: 250px\" class=\"wp-caption alignleft\"><a href=\"http:\/\/www.diarioimagen.net\/wp-content\/uploads\/2013\/01\/tribunal-2030.jpg\"><img loading=\"lazy\" decoding=\"async\" aria-describedby=\"caption-attachment-118408\" class=\"size-medium wp-image-118408\" alt=\"Miguel \u00c1ngel Mancera Espinosa dijo que el TSJDF cada vez da pasos m\u00e1s importantes, y con una l\u00ednea clara hacia la modernidad.\" src=\"http:\/\/www.diarioimagen.net\/wp-content\/uploads\/2013\/01\/tribunal-2030-240x135.jpg\" width=\"240\" height=\"135\" \/><\/a><p id=\"caption-attachment-118408\" class=\"wp-caption-text\">Miguel \u00c1ngel Mancera Espinosa dijo que el TSJDF cada vez da pasos m\u00e1s importantes, y con una l\u00ednea clara hacia la modernidad.<\/p><\/div>\n<p>El jefe de Gobierno del Distrito Federal, Miguel \u00c1ngel Mancera Espinosa, acudi\u00f3 a la Reuni\u00f3n Plenaria de Magistrados del Tribunal Superior de Justicia del Distrito Federal (TSJDF), en la que se dio a conocer el Decreto por el que se reforma la Fracci\u00f3n II del Art\u00edculo 46 del Estatuto de Gobierno del DF, y se le faculta para iniciar leyes y decretos ante la ALDF en materia de administraci\u00f3n de justicia.<\/p>\n<p>El mandatario local destac\u00f3 que se trata de un paso importante para el TSJDF, su organizaci\u00f3n y el fortalecimiento de su autonom\u00eda, lo que representa, un claro avance hacia la modernidad en beneficio de la ciudad de M\u00e9xico y sus habitantes.<\/p>\n<p>\u201cEsta reforma viene a contribuir a los esquemas de pesos y contrapesos de los poderes, es una se\u00f1al clara de fortaleza, es una se\u00f1al clara de avance, estoy convencido y seguro de que el Tribunal Superior de Justicia podr\u00e1 hacer un uso absolutamente responsable de esa nueva facultad, tal y como lo hace de todas las dem\u00e1s que tiene\u201d, subray\u00f3.<\/p>\n<p>En la sede de este organismo, donde se dieron cita su presidente, Edgar El\u00edas Azar; el consejero Jur\u00eddico del Ejecutivo federal, Humberto Castillejos y magistrados, Miguel \u00c1ngel Mancera reiter\u00f3 que el trabajo conjunto y coordinado de las diferentes esferas de gobierno de la capital debe mantenerse en esta l\u00ednea con el prop\u00f3sito de avanzar en el tema de la reforma del Distrito Federal.<\/p>\n<p>\u201cYo los convoco, magistradas, magistrados, consejeros, jueces, para que nos unamos tambi\u00e9n en esta tarea, es una tarea de todos lograr la reforma del Distrito Federal, lograr lo que est\u00e1 pidiendo la ciudadan\u00eda\u201d, expres\u00f3.<\/p>\n<p style=\"text-align: center;\"><strong>PROMOVER\u00c1 PODER JUDICIAL MODERNIZACI\u00d3N DEL ORDEN JUR\u00cdDICO LOCAL, CON FACULTAD DE INICIAR LEYES: EL\u00cdAS AZAR<\/strong><\/p>\n<p>El Poder Judicial del Distrito Federal ejercer\u00e1 con respeto y prudencia su facultad de iniciar leyes ante el \u00f3rgano legislativo capitalino, a favor de la mejora y modernizaci\u00f3n del orden jur\u00eddico que se relaciona directamente con su funci\u00f3n jurisdiccional, afirm\u00f3 el magistrado, Edgar El\u00edas Azar, presidente del Tribunal Superior de Justicia del Distrito Federal (TSJDF).<\/p>\n<p>En sesi\u00f3n de pleno p\u00fablico de magistrados del TSJDF, en la que se recibi\u00f3 por parte del consejero Jur\u00eddico de la Presidencia de la Rep\u00fablica el decreto correspondiente, el presidente magistrado dijo que se ejercer\u00e1 la nueva facultad con plena conciencia de sus alcances, y con conocimiento tanto de su subutilizaci\u00f3n como de su desbordamiento.<\/p>\n<p>El\u00edas Azar enfatiz\u00f3 que el Tribunal tiene la experiencia y la mayor\u00eda de edad para hacer con la nueva facultad lo que se espera de \u00e9ste.<\/p>\n<p>En su discurso, el magistrado se pronunci\u00f3 a favor de la Reforma Pol\u00edtica de la Ciudad de M\u00e9xico, que le d\u00e9 a la capital del pa\u00eds su propia Constituci\u00f3n; asimismo, de la verdadera autonom\u00eda de la funci\u00f3n judicial, y de temas vitales para el mejor despacho de los asuntos, como la construcci\u00f3n de la Ciudad Judicial, que incluir\u00eda una escuela para jueces.<\/p>\n<p>Reiter\u00f3 su demanda de avanzar hacia la equidad entre las funciones judiciales del pa\u00eds,\u00ad al insistir en que es preciso homologar los ingresos y percepciones laborales de los jueces del fuero local con los de la federaci\u00f3n.<\/p>\n<p>\u201cNos comprometemos a continuar en la brega por hacer de nuestro \u00f3rgano jurisdiccional capitalino -entre muchos- el m\u00e1s confiable, respetado y cre\u00edble, a partir del trabajo serio, diario y entregado de cada juzgados que nos integra\u201d, destac\u00f3.<\/p>\n<p>Al referirse al decreto correspondiente publicado en el <i>Diario Oficial de la Federaci\u00f3n<\/i> el pasado 7 de enero, el consejero Jur\u00eddico de la Presidencia de la Rep\u00fablica, Humberto Castillejos Cervantes, consider\u00f3 que \u00e9ste servir\u00e1 para perfeccionar el sistema de impartici\u00f3n de justicia, al recordar que son precisamente los jueces y magistrados quienes saben d\u00f3nde est\u00e1n los huecos en la legislaci\u00f3n.<\/p>\n<p>Se podr\u00e1 hacer m\u00e1s efectiva la justicia, abund\u00f3, as\u00ed como pronta, eficaz e imparcial, y a\u00f1adi\u00f3 que \u00e9sta es una tarea de todos los poderes del Estado y de todos los \u00f3rganos de gobierno.<\/p>\n<p>&nbsp;<\/p>\n","protected":false},"excerpt":{"rendered":"<p>El jefe de Gobierno del Distrito Federal, Miguel \u00c1ngel Mancera Espinosa, acudi\u00f3 a la Reuni\u00f3n Plenaria de Magistrados del Tribunal Superior de Justicia del Distrito Federal (TSJDF), en la que se dio a conocer el Decreto por el que se reforma la Fracci\u00f3n II del Art\u00edculo 46 del Estatuto de Gobierno del DF, y se le faculta para iniciar leyes y decretos ante la ALDF en materia de administraci\u00f3n de justicia.<\/p>\n","protected":false},"author":1,"featured_media":0,"comment_status":"open","ping_status":"open","sticky":false,"template":"","format":"standard","meta":{"_monsterinsights_skip_tracking":false,"_monsterinsights_sitenote_active":false,"_monsterinsights_sitenote_note":"","_monsterinsights_sitenote_category":0,"footnotes":""},"categories":[17,6],"tags":[39,1925,5314,862],"class_list":["post-118289","post","type-post","status-publish","format-standard","hentry","category-especiales","category-cd-de-mexico","tag-distrito-federal","tag-edgar-elias-azar","tag-miguel-angel-mancera-espinosa","tag-tsjdf"],"_links":{"self":[{"href":"https:\/\/www.diarioimagen.net\/index.php?rest_route=\/wp\/v2\/posts\/118289","targetHints":{"allow":["GET"]}}],"collection":[{"href":"https:\/\/www.diarioimagen.net\/index.php?rest_route=\/wp\/v2\/posts"}],"about":[{"href":"https:\/\/www.diarioimagen.net\/index.php?rest_route=\/wp\/v2\/types\/post"}],"author":[{"embeddable":true,"href":"https:\/\/www.diarioimagen.net\/index.php?rest_route=\/wp\/v2\/users\/1"}],"replies":[{"embeddable":true,"href":"https:\/\/www.diarioimagen.net\/index.php?rest_route=%2Fwp%2Fv2%2Fcomments&post=118289"}],"version-history":[{"count":0,"href":"https:\/\/www.diarioimagen.net\/index.php?rest_route=\/wp\/v2\/posts\/118289\/revisions"}],"wp:attachment":[{"href":"https:\/\/www.diarioimagen.net\/index.php?rest_route=%2Fwp%2Fv2%2Fmedia&parent=118289"}],"wp:term":[{"taxonomy":"category","embeddable":true,"href":"https:\/\/www.diarioimagen.net\/index.php?rest_route=%2Fwp%2Fv2%2Fcategories&post=118289"},{"taxonomy":"post_tag","embeddable":true,"href":"https:\/\/www.diarioimagen.net\/index.php?rest_route=%2Fwp%2Fv2%2Ftags&post=118289"}],"curies":[{"name":"wp","href":"https:\/\/api.w.org\/{rel}","templated":true}]}}