{"id":118451,"date":"2013-01-24T00:01:16","date_gmt":"2013-01-24T06:01:16","guid":{"rendered":"http:\/\/www.diarioimagen.net\/?p=118451"},"modified":"2013-01-24T04:22:34","modified_gmt":"2013-01-24T10:22:34","slug":"crearan-la-ruta-gastronomica-de-la-ciudad-de-mexico-para-convertirse-en-punto-de-atraccion-turistica","status":"publish","type":"post","link":"https:\/\/www.diarioimagen.net\/?p=118451","title":{"rendered":"Crear\u00e1n la ruta gastron\u00f3mica de la ciudad de M\u00e9xico para convertirse en punto de atracci\u00f3n tur\u00edstica"},"content":{"rendered":"<h2>De cinco estrellas<\/h2>\n<h5>Victoria Gonz\u00e1lez Prado<\/h5>\n<p>&nbsp;<\/p>\n<ul>\n<li><em><strong>M\u00e1s de 2 millones 290 mil visitantes recibieron los parques de Experiencias Xcaret<\/strong><\/em><\/li>\n<li><em><strong>Cabo Marine Show, en Cabo San Lucas, el evento m\u00e1s importante de networking n\u00e1utico en M\u00e9xico<\/strong><\/em><\/li>\n<li><em><strong>Alejandro Novoa, nuevo director de Ventas de Corporativo para Radisson M\u00e9xico<\/strong><\/em><\/li>\n<\/ul>\n<p>&nbsp;<\/p>\n<div id=\"attachment_118545\" style=\"width: 250px\" class=\"wp-caption alignleft\"><a href=\"http:\/\/www.diarioimagen.net\/wp-content\/uploads\/2013\/01\/turismo-2021.jpg\"><img loading=\"lazy\" decoding=\"async\" aria-describedby=\"caption-attachment-118545\" class=\"size-medium wp-image-118545\" alt=\"En la reuni\u00f3n de la Canirac.\" src=\"http:\/\/www.diarioimagen.net\/wp-content\/uploads\/2013\/01\/turismo-2021-240x135.jpg\" width=\"240\" height=\"135\" \/><\/a><p id=\"caption-attachment-118545\" class=\"wp-caption-text\">En la reuni\u00f3n de la Canirac.<\/p><\/div>\n<p><b>Miguel \u00c1ngel Mancera<\/b>, jefe de gobierno capitalino, asegur\u00f3 que la\u00a0\u00a0 Secretar\u00eda\u00a0 de\u00a0 Turismo del DF\u00a0 trabajar\u00e1\u00a0 con la industria restaurantera\u00a0 para\u00a0 crear la ruta gastron\u00f3mica de la ciudad de M\u00e9xico y que sirva\u00a0 como punto de atracci\u00f3n tur\u00edstica. As\u00ed lo se\u00f1al\u00f3 durante la Asamblea de la C\u00e1mara Nacional de la Industria de\u00a0 Restaurantes y\u00a0 Alimentos Condimentados (Canirac), y agreg\u00f3 que instruy\u00f3 al titular de Turismo de la capital, Miguel Torruco, para que trabaje en este proyecto que promover\u00e1 y\u00a0 difundir\u00e1 la gastronom\u00eda mexicana\u00a0 en la capital del pa\u00eds. Asimismo, <b>Mancera<\/b> coment\u00f3 que por medio de <b>Salom\u00f3n Chertorivski Woldenberg<\/b>, titular de la Secretar\u00eda de Desarrollo Econ\u00f3mico local, se trabajar\u00e1 para otorgar\u00a0seguridad jur\u00eddica y prontitud en los tr\u00e1mites para la apertura de nuevos\u00a0negocios\u00a0dentro del sector restaurantero y lo exhort\u00f3 para encontrar canales de comunicaci\u00f3n con la Canirac y refrend\u00f3 ante los representantes de esta industria, que el gobierno de la ciudad trabajar\u00e1 muy de cerca y con eficacia en beneficio de este sector productivo. \u201cTodo lo que platicamos lo vamos a cumplir. Vamos a estar desarrollando todas esas tareas\u201d. En presencia de <b>Manuel Guti\u00e9rrez Garc\u00eda<\/b>, presidente nacional de la Canirac, el jefe de gobierno capitalino inst\u00f3 a trabajar tambi\u00e9n en el tema de la comida saludable para la lucha contra enfermedades como la diabetes. Acompa\u00f1ado de <b>Miguel Torruco Marqu\u00e9s<\/b>, titular de Turismo del Distrito Federal, el mandatario capitalino se refiri\u00f3 al inicio del Foro Econ\u00f3mico Mundial, en Davos, Suiza, donde se abordan y reflexionan los temas relacionados a la crisis econ\u00f3mica del euro y en general la situaci\u00f3n global econ\u00f3mica y se manifest\u00f3 por apuntar el desarrollo de la pol\u00edtica hacia una reinvenci\u00f3n de las formas de generaci\u00f3n de riqueza, fuentes de empleo y del establecimiento de econom\u00edas sanas. <b>Guti\u00e9rrez Garc\u00eda<\/b> inform\u00f3 que despu\u00e9s de las cifras de menos 13% registradas en 2009, se logr\u00f3 revertir esa baja al final del 2012, con el crecimiento del 5%. \u201cAnte la contundencia de estas cifras, la industria restaurantera nacional debe ser seriamente valorada en su papel y en sus compromisos ante la sociedad para maximizar sus posibilidades y garantizar su participaci\u00f3n activa en el desarrollo econ\u00f3mico de M\u00e9xico\u201d. En la reuni\u00f3n estuvieron\u00a0 <b>Claudia Ruiz Massieu<\/b>, secretaria de Turismo federal; <b>Armando Ahued Ortega<\/b>, secretario de Salud capitalino; <b>Francisco Funtanet Mange<\/b>, presidente de Concamin; <b>Jorge D\u00e1vila Flores<\/b>, presidente de Concanaco Servytur; <b>Ricardo Navarro Ben\u00edtez<\/b>, presidente de la C\u00e1mara Nacional de Comercio de la ciudad de M\u00e9xico, entre otras personas de la pol\u00edtica y la industria tur\u00edstica, restaurantera, hotelera, de servicios\u00a0 y empleo.<\/p>\n<p>\u2730\u2730\u2730\u2730\u2730\u00a0M\u00e1s de2 millones 290 mil visitantes recibieron los parques y tours de Experiencias Xcaret durante 2012, cifra que se traduce en un 13% de incremento comparado con 2011, dijo <b>Carlos Condstanse<\/b>, vicepresidente de ese grupo, quien agreg\u00f3 que las expectativas para 2013 son excelentes. Por otra parte, asegur\u00f3 que las inversiones realizadas el a\u00f1o pasado para el fortalecimiento de la oferta de servicios \u201cson las m\u00e1s importantes en la historia de nuestra organizaci\u00f3n, con un monto de 321 millones de pesos. Y, en este a\u00f1o la inversi\u00f3n ser\u00e1 de 315 millones de pesos\u201d. Asimismo, indic\u00f3 que Xcaret M\u00e9xico Espectacular, la m\u00e1s representativa puesta en escena sobre la historia y el folclor de nuestro pa\u00eds, y vista por m\u00e1s de 11 millones de espectadores durante m\u00e1s de una d\u00e9cada, llega a su fin y en su lugar habr\u00e1 un espect\u00e1culo totalmente nuevo, concebido para superar el \u00e9xito de su predecesor hacia finales de 2013. Adem\u00e1s, como homenaje a Xcaret Noche Tradicional, con el que inici\u00f3 la puesta en escena, habr\u00e1 un per\u00edodo de presentaciones especiales del 27 de mayo al 8 junio, del 19 de agosto al 22 de octubre y del 20 de noviembre al 20 de diciembre. Y en las fechas que no haya ese show, estar\u00e1 Xcaret M\u00e9xico Espectacular.\u00a0 De igual forma, en mayo se pondr\u00e1 en marcha el nuevo tour Xenotes, que ofrecer\u00e1 una singular experiencia en la Ruta de los Cenotes de Puerto Morelos, Quintana Roo, con la visita a cuatro de ellos en un mismo d\u00eda. En todos los casos se trata de sitios de ensue\u00f1o, con caracter\u00edsticas \u00fanicas, plenamente respetuosos del entorno, con actividades y servicios con la calidad que caracteriza a Experiencias Xcaret. <b>Guadalupe Quintana<\/b>, presidenta de Flora, Fauna y Cultura AC, asegur\u00f3 que durante 2012, fecha en que celebraron el d\u00e9cimo aniversario, alcanzaron cifras nunca antes registradas al lograr cuidar 14 mil nidos donde nacieron alrededor 660 mil cr\u00edas de tortuga y destac\u00f3 que de las ocho especies de tortugas marinas que existen en el mundo, siete anidan\u00a0 y desovan en playas mexicanas, y cuatro de ellas en Quintana Roo. <b>Guadalupe<\/b> indic\u00f3 que Flora, Fauna y Cultura AC protege al a\u00f1o 6 mil\u00a0 500 nidadas y se liberan 500 mil cr\u00edas de tortuga marina con la participaci\u00f3n de adultos, j\u00f3venes y ni\u00f1os, como parte del programa de Sensibilizaci\u00f3n Ambiental que realiza la organizaci\u00f3n que dirige en colaboraci\u00f3n con el Parque Xel-h\u00e1. Destac\u00f3 que se entregan certificaciones a los hotelesque realizan pr\u00e1cticas amigables de anidaci\u00f3n en pro de la conservaci\u00f3n de estas especies en peligro de extinci\u00f3n. Al referirse al Proyecto Manglar, dijo que se reforestan y rehabilitan los manglares\u00a0 del \u00c1rea Natural Protegida Manglares de Nichupt\u00e9, en Canc\u00fan y paralelo a ello se cuenta con la campa\u00f1a de sensibilizaci\u00f3n ambiental \u201cVive Manglar\u201d. <b>Lizeth \u00c1lvarez<\/b>, directora Comercial de Experiencias Xcaret, habl\u00f3 de la importancia que tienen para la empresa los aspectos social, ambiental y econ\u00f3mico al asegurar que hoy en Grupo Xcaret trabajan cerca de 3 mil personas de forma directa y 12 mil fuentes de trabajo de manera indirecta. \u201cRefrendamos nuestro compromiso de ser una organizaci\u00f3n l\u00edder en recreaci\u00f3n tur\u00edstica sustentable; as\u00ed lo acreditan las certificaciones que ha obtenido luego de ser evaluado su desempe\u00f1o comercial y financiero, su ambiente laboral, su responsabilidad social, su vinculaci\u00f3n con proveedores, as\u00ed como el adecuado manejo de los recursos naturales. Todo esto la convierte en una empresa mexicana del ramo tur\u00edstico con amplio reconocimiento a nivel internacional. Como siempre, Liliana Rodr\u00edguez fue la encargada de dar la bienvenida.<\/p>\n<p>\u2730\u2730\u2730\u2730\u2730Nuevamente, la operadora IGY Marina Cabo San Lucas y el hotel <i>Wyndham Cabo San Lucas by Tesoro Resorts<\/i> ser\u00e1n sedes del pr\u00f3ximo <i>Cabo Marine Show<\/i>, a realizarse del 1 al\u00a0 4 de mayo pr\u00f3ximo en su cuarta edici\u00f3n. El a\u00f1o pasado este gran evento fue reconocido de una manera muy positiva por parte de los expositores, patrocinadores y asistentes, consolid\u00e1ndose como el evento m\u00e1s importante de <i>networking\u00a0<\/i> n\u00e1utico en M\u00e9xico. <i>Cabo Marine Show<\/i> se enorgullece de celebrar su cuarto a\u00f1o de existencia, con el impulso de un gran equipo y patrocinadores, y el reconocimiento de los consumidores, sigue siendo hoy el \u00fanico evento de exposici\u00f3n de productos y servicios marinos en toda la costa \u00a0del Pac\u00edfico de M\u00e9xico. La p\u00e1gina web oficial del evento ha sido actualizada con informaci\u00f3n \u00fatil y se podr\u00e1 visitar la lista parcial de los expositores que ya se encuentran registrados, actualizaciones continuas y reservaciones de hospedaje: <a href=\"http:\/\/cabomarineshow.com\/\">cabomarineshow.com<\/a> M\u00e1s informaci\u00f3n:\u00a0\u00a0\u00a0 <a href=\"mailto:info@maaseventos.com\">info@maaseventos.com<\/a><\/p>\n<p><b>\u2730\u2730\u2730\u2730\u2730Alejandro Novoa<\/b>, con una destacada trayectoria en la industria hotelera, es el nuevo director de Ventas de Corporativo de Hoteles <i>Radisson<\/i> para M\u00e9xico, con cuatro propiedades estrat\u00e9gicamente ubicadas en la Rep\u00fablica Mexicana: Flamingos Ciudad de M\u00e9xico, Para\u00edso Perisur, Hacienda Canc\u00fan y Poliforum Plaza Le\u00f3n. \u201cMe siento muy honrado de incorporarme al equipo de derroteros de Hoteles <i>Radisson<\/i> en M\u00e9xico perteneciente a la afamada cadena hotelera <i>Carlson Hotels Worlwide<\/i> con m\u00e1s de mil propiedades a nivel mundial\u201d.<b> Alejandro Novoa <\/b>realiz\u00f3 sus estudios profesionales de Administraci\u00f3n Tur\u00edstica en la Universidad An\u00e1huac. Recientemente curs\u00f3 un diplomado de Capacidades Gerenciales en el Tecnol\u00f3gico de Monterrey. Con 26 a\u00f1os de experiencia en diversas \u00e1reas de la industria hotelera, se ha desempe\u00f1ado en puestos claves en reconocidas empresas como <i>American Express<\/i>, Hoteles <i>Maeva<\/i>, Mexicana de Aviaci\u00f3n, Viajes Liberaci\u00f3n, <i>Latour Hotels &amp; Resorts<\/i>\u00a0 y Hola Hoteles. Ser\u00e1 el responsable de realizar negociaciones para la apertura de nuevos negocios para impulsar el crecimiento e imagen de la marca <i>Radisson<sup>\u00ae<\/sup>.Carlson Hotels Worldwide,<\/i> empresa l\u00edder en hospitalidad a nivel mundial, con m\u00e1s de mil 35 propiedades en 74 pa\u00edses.\u00a0 Sus marcas incluyen <i>Radisson<sup>\u00ae<\/sup> Hotels &amp; Resorts, Park<\/i> <i>Plaza<sup>\u00ae<\/sup> Hotels &amp; Resorts, Country Inns &amp; Suites By Carlson<sup>SM<\/sup><\/i> <i>&amp; Park Inn<sup>\u00ae <\/sup>Carlson Hotels Worldwide<\/i> es parte del consorcio <i>Carlson,<\/i> que incluye Carlson Hospitality, Carlson Wagonlit Travel &amp; T.G.I. Fridays. <i>Radisson<sup>\u00ae <\/sup>Hotels &amp; Resorts <\/i>\u00a0considerada una de las marcas de hoteles m\u00e1s importantes a nivel mundial, comprometida en la excelencia en servicio, se distingue por su filosof\u00eda <i>\u201cYes I Can!\u201d<\/i>, incluye a la fecha m\u00e1s de 420 propiedades en m\u00e1s de 73 pa\u00edses y forma parte de <i>Carlson Hotels Worldwide.<\/i><\/p>\n<p style=\"text-align: left;\" align=\"right\"><i><em><a href=\"mailto:victoriagprado@gmail.com\" target=\"_blank\">victoriagprado@gmail.com<\/a><\/em><\/i><\/p>\n<p style=\"text-align: left;\" align=\"right\">\n","protected":false},"excerpt":{"rendered":"<p>Miguel \u00c1ngel Mancera, jefe de gobierno capitalino, asegur\u00f3 que la   Secretar\u00eda  de  Turismo del DF  trabajar\u00e1  con la industria restaurantera  para  crear la ruta gastron\u00f3mica de la ciudad de M\u00e9xico y que sirva  como punto de atracci\u00f3n tur\u00edstica.<\/p>\n","protected":false},"author":1,"featured_media":0,"comment_status":"open","ping_status":"open","sticky":false,"template":"","format":"standard","meta":{"_monsterinsights_skip_tracking":false,"_monsterinsights_sitenote_active":false,"_monsterinsights_sitenote_note":"","_monsterinsights_sitenote_category":0,"footnotes":""},"categories":[11],"tags":[107,43674,43681,106],"class_list":["post-118451","post","type-post","status-publish","format-standard","hentry","category-turismo","tag-de-cinco-estrellas","tag-opinion","tag-turismo","tag-victoria-gonzalez-prado"],"_links":{"self":[{"href":"https:\/\/www.diarioimagen.net\/index.php?rest_route=\/wp\/v2\/posts\/118451","targetHints":{"allow":["GET"]}}],"collection":[{"href":"https:\/\/www.diarioimagen.net\/index.php?rest_route=\/wp\/v2\/posts"}],"about":[{"href":"https:\/\/www.diarioimagen.net\/index.php?rest_route=\/wp\/v2\/types\/post"}],"author":[{"embeddable":true,"href":"https:\/\/www.diarioimagen.net\/index.php?rest_route=\/wp\/v2\/users\/1"}],"replies":[{"embeddable":true,"href":"https:\/\/www.diarioimagen.net\/index.php?rest_route=%2Fwp%2Fv2%2Fcomments&post=118451"}],"version-history":[{"count":0,"href":"https:\/\/www.diarioimagen.net\/index.php?rest_route=\/wp\/v2\/posts\/118451\/revisions"}],"wp:attachment":[{"href":"https:\/\/www.diarioimagen.net\/index.php?rest_route=%2Fwp%2Fv2%2Fmedia&parent=118451"}],"wp:term":[{"taxonomy":"category","embeddable":true,"href":"https:\/\/www.diarioimagen.net\/index.php?rest_route=%2Fwp%2Fv2%2Fcategories&post=118451"},{"taxonomy":"post_tag","embeddable":true,"href":"https:\/\/www.diarioimagen.net\/index.php?rest_route=%2Fwp%2Fv2%2Ftags&post=118451"}],"curies":[{"name":"wp","href":"https:\/\/api.w.org\/{rel}","templated":true}]}}