{"id":118486,"date":"2013-01-24T00:09:28","date_gmt":"2013-01-24T06:09:28","guid":{"rendered":"http:\/\/www.diarioimagen.net\/?p=118486"},"modified":"2013-01-24T04:33:08","modified_gmt":"2013-01-24T10:33:08","slug":"conagua-anuncia-dos-pozos-exploratorios-para-la-capital-del-pais","status":"publish","type":"post","link":"https:\/\/www.diarioimagen.net\/?p=118486","title":{"rendered":"Conagua anuncia dos pozos exploratorios para la capital del pa\u00eds"},"content":{"rendered":"<ul>\n<li><em><strong>Lo expone David Korenfeld<\/strong><\/em><\/li>\n<\/ul>\n<div id=\"attachment_118567\" style=\"width: 245px\" class=\"wp-caption alignleft\"><a href=\"http:\/\/www.diarioimagen.net\/wp-content\/uploads\/2013\/01\/conagua-2021.jpg\"><img loading=\"lazy\" decoding=\"async\" aria-describedby=\"caption-attachment-118567\" class=\"size-medium wp-image-118567\" alt=\"David Korenfeld, director de la Conagua.\" src=\"http:\/\/www.diarioimagen.net\/wp-content\/uploads\/2013\/01\/conagua-2021-235x240.jpg\" width=\"235\" height=\"240\" \/><\/a><p id=\"caption-attachment-118567\" class=\"wp-caption-text\">David Korenfeld, director de la Conagua.<\/p><\/div>\n<p>El director general de la Comisi\u00f3n Nacional del Agua (Conagua), David Korenfeld, anunci\u00f3 que realizar\u00e1n las obras pertinentes para establecer dos pozos exploratorios en el Distrito Federal, a fin de determinar la disponibilidad y la calidad del agua subterr\u00e1nea.<\/p>\n<p>En conferencia, en el marco de la presentaci\u00f3n del avance y plan de estudios de los acu\u00edferos profundos del valle de M\u00e9xico el funcionario detall\u00f3 que la inversi\u00f3n en cada uno de los pozos rondar\u00eda entre 70 y 100 millones de pesos.<\/p>\n<p>\u201cSabedor de la problem\u00e1tica hidr\u00e1ulica que vive la capital del pa\u00eds el presidente, Enrique Pe\u00f1a Nieto, firm\u00f3 un compromiso muy importante para el Distrito Federal consistente en incrementar el abastecimiento de agua potable mediante la modernizaci\u00f3n y construcci\u00f3n de infraestructura en la materia\u201d, mencion\u00f3 Korenfeld Federman.<\/p>\n<p>El titular de la Conagua explic\u00f3 que los dos pozos programados para la extracci\u00f3n de agua subterr\u00e1nea se unir\u00e1n al que se encuentra en operaci\u00f3n en Iztapalapa, y a otro m\u00e1s que en los pr\u00f3ximos d\u00edas el Gobierno del Distrito Federal decidir\u00e1 d\u00f3nde entrar\u00e1 en operaci\u00f3n.<\/p>\n<p>\u201cCon los cuatro pozos funcionando, por consecuencia, vamos a tener cuatro extracciones de agua, no sin antes determinar su calidad. Vamos a hacer los an\u00e1lisis que se requieren para cumplir con la Norma Mexicana de Agua Potable y despu\u00e9s buscar\u00edamos potabilizarla\u201d, se\u00f1al\u00f3.<\/p>\n<p>El funcionario federal confi\u00f3 en que los estudios confirmen un acu\u00edfero confinado, \u201cy mientras tanto haremos las pruebas de calidad, cantidad y vulnerabilidad del l\u00edquido\u201d, apunt\u00f3.<\/p>\n<p>Estableci\u00f3 que la Conagua siempre trabajar\u00e1 en coordinaci\u00f3n con el gobierno de la ciudad, empleando todas las herramientas y el talento profesional disponible.<\/p>\n<p>&nbsp;<\/p>\n","protected":false},"excerpt":{"rendered":"<p>El director general de la Comisi\u00f3n Nacional del Agua (Conagua), David Korenfeld, anunci\u00f3 que realizar\u00e1n las obras pertinentes para establecer dos pozos exploratorios en el Distrito Federal, a fin de determinar la disponibilidad y la calidad del agua subterr\u00e1nea.<\/p>\n","protected":false},"author":1,"featured_media":0,"comment_status":"open","ping_status":"open","sticky":false,"template":"","format":"standard","meta":{"_monsterinsights_skip_tracking":false,"_monsterinsights_sitenote_active":false,"_monsterinsights_sitenote_note":"","_monsterinsights_sitenote_category":0,"footnotes":""},"categories":[6],"tags":[531,2775,39],"class_list":["post-118486","post","type-post","status-publish","format-standard","hentry","category-cd-de-mexico","tag-conagua","tag-david-korenfeld","tag-distrito-federal"],"_links":{"self":[{"href":"https:\/\/www.diarioimagen.net\/index.php?rest_route=\/wp\/v2\/posts\/118486","targetHints":{"allow":["GET"]}}],"collection":[{"href":"https:\/\/www.diarioimagen.net\/index.php?rest_route=\/wp\/v2\/posts"}],"about":[{"href":"https:\/\/www.diarioimagen.net\/index.php?rest_route=\/wp\/v2\/types\/post"}],"author":[{"embeddable":true,"href":"https:\/\/www.diarioimagen.net\/index.php?rest_route=\/wp\/v2\/users\/1"}],"replies":[{"embeddable":true,"href":"https:\/\/www.diarioimagen.net\/index.php?rest_route=%2Fwp%2Fv2%2Fcomments&post=118486"}],"version-history":[{"count":0,"href":"https:\/\/www.diarioimagen.net\/index.php?rest_route=\/wp\/v2\/posts\/118486\/revisions"}],"wp:attachment":[{"href":"https:\/\/www.diarioimagen.net\/index.php?rest_route=%2Fwp%2Fv2%2Fmedia&parent=118486"}],"wp:term":[{"taxonomy":"category","embeddable":true,"href":"https:\/\/www.diarioimagen.net\/index.php?rest_route=%2Fwp%2Fv2%2Fcategories&post=118486"},{"taxonomy":"post_tag","embeddable":true,"href":"https:\/\/www.diarioimagen.net\/index.php?rest_route=%2Fwp%2Fv2%2Ftags&post=118486"}],"curies":[{"name":"wp","href":"https:\/\/api.w.org\/{rel}","templated":true}]}}