{"id":118815,"date":"2013-01-28T00:02:38","date_gmt":"2013-01-28T06:02:38","guid":{"rendered":"http:\/\/www.diarioimagen.net\/?p=118815"},"modified":"2013-01-28T02:21:07","modified_gmt":"2013-01-28T08:21:07","slug":"ya-estan-en-la-ciudad-capital","status":"publish","type":"post","link":"https:\/\/www.diarioimagen.net\/?p=118815","title":{"rendered":"Ya est\u00e1n en la ciudad capital"},"content":{"rendered":"<h2>Acta P\u00fablica<\/h2>\n<h5>Claudia Rodr\u00edguez<\/h5>\n<p>&nbsp;<\/p>\n<p>No es que no hubieran estado antes, s\u00f3lo que ahora tienen el inter\u00e9s de manifestar de forma abierta su presencia en el centro del poder pol\u00edtico del pa\u00eds.\u00a0 \u00bfQui\u00e9nes? Los grupos organizados criminales m\u00e1s sanguinarios.<\/p>\n<p>El viernes pasado, en los municipios del Estado de M\u00e9xico conurbados al Distrito Federal, los habitantes amanecieron con elementos del Ej\u00e9rcito patrullando las zonas aleda\u00f1as a los centros escolares de ense\u00f1anza media de esas comunidades.<\/p>\n<p>Ante este operativo, las autoridades municipales se\u00f1alaron que los patrullajes se realizaban para dar seguridad a la localidad.<\/p>\n<p>\u00bfDesde cu\u00e1ndo una comunidad necesita la presencia del Ej\u00e9rcito para estar segura?\u00a0\u00a0 La pregunta no es ir\u00f3nica.\u00a0 Es puntual.<\/p>\n<p>Los efectivos castrenses aparecen en la escena cotidiana de la sociedad, justo cuando la seguridad en ese espacio es lo m\u00e1s fr\u00e1gil y vulnerable.<\/p>\n<p>Lo \u00e1lgido del asunto y velado con los patrullajes del Ej\u00e9rcito se ha querido enmascarar a\u00fan m\u00e1s con declaraciones incongruentes del porqu\u00e9 de los efectivos en cuesti\u00f3n.<\/p>\n<p>Mientras el presidente municipal de Naucalpan asegura que son para evitar la criminalidad, el secretario de Educaci\u00f3n del Estado de M\u00e9xico, Raymundo Mart\u00ednez, afirma que los rondines a zonas escolares no corresponden a situaciones extremas, sino a prevenci\u00f3n \u201c\u2026 cuando un maestro comenta algo\u201d.<\/p>\n<p>Y para no desvirtuar el apunte, los m\u00e1ximos poderes de la Uni\u00f3n se asientan en esta ciudad capital.<\/p>\n<p>El crimen avanza.\u00a0 Que el gobierno federal y los locales hagan \u201cmutis\u201d es otra cosa.<\/p>\n<p><b><i>\u00a0Acta Divina\u2026<\/i><\/b> Con el inicio del curso de ingreso 2013 a las instituciones de educaci\u00f3n media superior en el Estado de M\u00e9xico, se destin\u00f3 la presencia del Ej\u00e9rcito en municipios mexiquenses conurbados al norte del Distrito Federal, aunque las autoridades \u00a0rechazan situaciones extremas.<\/p>\n<p>Para advertir\u2026 El servicio de telefon\u00eda de Telcel, no s\u00f3lo fall\u00f3 24 horas, desde el viernes por la tarde, la red no proporcionaba conectividad y la compa\u00f1\u00eda reina en M\u00e9xico de servicio de mensajes de datos, no fue capaz de presentar a trav\u00e9s de \u00e9ste un aviso de la causa de la falla de la conectividad\u2026\u00a0 \u00bfSer\u00e1 que siguen desestimando al cliente nacional?<\/p>\n<p><em><a href=\"mailto:actapublica@gmail.com\" target=\"_blank\">actapublica@gmail.com<\/a><\/em><\/p>\n<p>&nbsp;<\/p>\n","protected":false},"excerpt":{"rendered":"<p><span style=\"color: #005497;\"><strong>Claudia Rodr\u00edguez<\/strong><\/span><\/p>\n","protected":false},"author":1,"featured_media":0,"comment_status":"open","ping_status":"open","sticky":false,"template":"","format":"standard","meta":{"_monsterinsights_skip_tracking":false,"_monsterinsights_sitenote_active":false,"_monsterinsights_sitenote_note":"","_monsterinsights_sitenote_category":0,"footnotes":""},"categories":[1281],"tags":[43675,43674],"class_list":["post-118815","post","type-post","status-publish","format-standard","hentry","category-claudia-rodriguez","tag-estado-de-mexico","tag-opinion"],"_links":{"self":[{"href":"https:\/\/www.diarioimagen.net\/index.php?rest_route=\/wp\/v2\/posts\/118815","targetHints":{"allow":["GET"]}}],"collection":[{"href":"https:\/\/www.diarioimagen.net\/index.php?rest_route=\/wp\/v2\/posts"}],"about":[{"href":"https:\/\/www.diarioimagen.net\/index.php?rest_route=\/wp\/v2\/types\/post"}],"author":[{"embeddable":true,"href":"https:\/\/www.diarioimagen.net\/index.php?rest_route=\/wp\/v2\/users\/1"}],"replies":[{"embeddable":true,"href":"https:\/\/www.diarioimagen.net\/index.php?rest_route=%2Fwp%2Fv2%2Fcomments&post=118815"}],"version-history":[{"count":0,"href":"https:\/\/www.diarioimagen.net\/index.php?rest_route=\/wp\/v2\/posts\/118815\/revisions"}],"wp:attachment":[{"href":"https:\/\/www.diarioimagen.net\/index.php?rest_route=%2Fwp%2Fv2%2Fmedia&parent=118815"}],"wp:term":[{"taxonomy":"category","embeddable":true,"href":"https:\/\/www.diarioimagen.net\/index.php?rest_route=%2Fwp%2Fv2%2Fcategories&post=118815"},{"taxonomy":"post_tag","embeddable":true,"href":"https:\/\/www.diarioimagen.net\/index.php?rest_route=%2Fwp%2Fv2%2Ftags&post=118815"}],"curies":[{"name":"wp","href":"https:\/\/api.w.org\/{rel}","templated":true}]}}