{"id":118824,"date":"2013-01-28T00:04:18","date_gmt":"2013-01-28T06:04:18","guid":{"rendered":"http:\/\/www.diarioimagen.net\/?p=118824"},"modified":"2013-01-29T04:06:11","modified_gmt":"2013-01-29T10:06:11","slug":"al-y-caribe-inician-nueva-etapa-en-su-desarrollo-pena-nieto","status":"publish","type":"post","link":"https:\/\/www.diarioimagen.net\/?p=118824","title":{"rendered":"AL y Caribe inician nueva etapa en su desarrollo: Pe\u00f1a Nieto"},"content":{"rendered":"<ul>\n<li><em><strong>El presidente mexicano sostuvo encuentros con la canciller alemana\u00a0el primer ministro franc\u00e9s y los presidentes de Argentina y Cuba<\/strong><\/em><\/li>\n<\/ul>\n<div id=\"attachment_118931\" style=\"width: 250px\" class=\"wp-caption alignleft\"><a href=\"http:\/\/www.diarioimagen.net\/wp-content\/uploads\/2013\/01\/epn-angela-2023.jpg\"><img loading=\"lazy\" decoding=\"async\" aria-describedby=\"caption-attachment-118931\" class=\"size-medium wp-image-118931\" alt=\"El presidente Enrique Pe\u00f1a Nieto estrecha la mano de la canciller alemana \u00c1ngela Merkel, durante la reuni\u00f3n del CELAC-UE, cuyos miembros decidieron hacer un relanzamiento de sus relaciones multilaterales.\" src=\"http:\/\/www.diarioimagen.net\/wp-content\/uploads\/2013\/01\/epn-angela-2023-240x135.jpg\" width=\"240\" height=\"135\" \/><\/a><p id=\"caption-attachment-118931\" class=\"wp-caption-text\">El presidente Enrique Pe\u00f1a Nieto estrecha la mano de la canciller alemana \u00c1ngela Merkel, durante la reuni\u00f3n del CELAC-UE, cuyos miembros decidieron hacer un relanzamiento de sus relaciones multilaterales.<\/p><\/div>\n<p>El presidente Enrique Pe\u00f1a Nieto sostuvo que con la Cumbre de la Comunidad de Estados Latinoamericanos y Caribe\u00f1os (CELAC) con la Uni\u00f3n Europea (UE) los pa\u00edses de esta zona del mundo han iniciado una nueva etapa en su desarrollo regional.<\/p>\n<p>Minutos despu\u00e9s de concluir la reuni\u00f3n de los Jefes de Estado y de Gobierno de los pa\u00edses que conforman la CELAC y la UE, el mandatario sostuvo que juntos los pa\u00edses de Am\u00e9rica Latina y El Caribe lograr\u00e1n un mayor peso y participaci\u00f3n en la toma de decisiones globales que les afecten.<\/p>\n<p>Pe\u00f1a Nieto indic\u00f3 &#8211;a trav\u00e9s de su blog en la p\u00e1gina de la Presidencia de la Rep\u00fablica&#8211; que hist\u00f3ricamente, M\u00e9xico ha sido un promotor permanente de la hermandad entre las naciones latinoamericanas y caribe\u00f1as.<\/p>\n<p>\u201cHoy, nuestra voluntad para caminar unidos es una realidad\u201d. Dijo que para \u00e9l fue un honor participar en la Primera Cumbre de la Comunidad de Estados Latinoamericanos y Caribe\u00f1os.<\/p>\n<p>\u201cCon esta cumbre, Latinoam\u00e9rica y el Caribe han comenzado una nueva etapa en su desarrollo regional. Tenemos un gran potencial para crecer como regi\u00f3n, y en este esfuerzo, el papel integrador de la CELAC es fundamental. Juntos lograremos un mayor peso y participaci\u00f3n en la toma de decisiones globales que nos afectan\u201d, puntualiz\u00f3.<\/p>\n<p>Expres\u00f3 su reconocimiento a los Jefes de Estado y de Gobierno de esta regi\u00f3n. Estoy seguro de que Am\u00e9rica Latina y El Caribe -indic\u00f3- se consolidar\u00e1n como una regi\u00f3n fundamental para el desarrollo global en este siglo.<\/p>\n<p align=\"center\"><b>Sostiene encuentros\u00a0<\/b><b>bilaterales<\/b><\/p>\n<p>Por otra parte, en el marco de la I Cumbre de la CELAC-UE, el Presidente Enrique Pe\u00f1a Nieto se reuni\u00f3 ayer con la canciller alemana, Angela Merkel, con quien coincidi\u00f3 en el inter\u00e9s por afianzar la relaci\u00f3n entre ambos pa\u00edses a trav\u00e9s del fortalecimiento del intercambio comercial y de las inversiones.<\/p>\n<p>En ese sentido, Angela Merkel, anunci\u00f3 su inter\u00e9s por visitar en pr\u00f3ximas fechas nuestro pa\u00eds, acompa\u00f1ada de una importante misi\u00f3n comercial. Asimismo, ambos mandatarios coincidieron en la importancia de estrechar el di\u00e1logo en otros temas de inter\u00e9s com\u00fan como lo son las energ\u00edas renovables, la preservaci\u00f3n del medio ambiente y el cambio clim\u00e1tico.<\/p>\n<p>Por \u00faltimo, la canciller alemana manifest\u00f3 al Presidente Pe\u00f1a Nieto el inter\u00e9s alem\u00e1n de incrementar la cooperaci\u00f3n cultural, t\u00e9cnica y cient\u00edfica entre los dos pa\u00edses, enfatizando las \u00e1reas de oportunidad existentes en materia agropecuaria y de salud.<\/p>\n<p>Por otra parte, el primer mandatario del pa\u00eds sostuvo un encuentro con Jean-Marc Ayrault, primer ministro franc\u00e9s, quien ratific\u00f3 la intenci\u00f3n del mandatario galo, Fran\u00e7ois Hollande, de visitar M\u00e9xico el pr\u00f3ximo a\u00f1o, as\u00ed como la confirmaci\u00f3n del ex embajador franc\u00e9s en M\u00e9xico, Philippe Faure, como cabeza del grupo de di\u00e1logo empresarial de alto nivel que se pretende impulsar entre los dos pa\u00edses.<\/p>\n<p>El Presidente y el primer ministro expresaron el inter\u00e9s rec\u00edproco de ambos pa\u00edses, en analizar experiencias en materia de seguridad p\u00fablica, as\u00ed como en fortalecer el intercambio cultural.<\/p>\n<p>M\u00e1s tarde, el Presidente mexicano se reuni\u00f3 con la Presidenta de Argentina, Cristina Fern\u00e1ndez de Kirchner, con quien acord\u00f3 explorar opciones de cadenas productivas regionales para competir efectivamente en los mercados globales.<\/p>\n<p>Asimismo, convinieron trabajar en la ampliaci\u00f3n del Acuerdo de Complementaci\u00f3n Econ\u00f3mica (ACE 6) para incrementar el comercio y la inversi\u00f3n birregional, as\u00ed como fomentar la cooperaci\u00f3n en materia de tecnolog\u00eda agr\u00edcola y agroindustrial.<\/p>\n<p>Finalmente, el mandatario se reuni\u00f3 con Ra\u00fal Castro, Presidente del Consejo de Estado y de Ministros de Cuba, con quien coincidi\u00f3 en la importancia de relanzar a la brevedad la relaci\u00f3n entre ambos pa\u00edses, a partir de los estrechos v\u00ednculos culturales e hist\u00f3ricos, as\u00ed como los lazos de mutuo afecto que unen a ambas naciones.<\/p>\n<p>&nbsp;<\/p>\n","protected":false},"excerpt":{"rendered":"<p>El presidente Enrique Pe\u00f1a Nieto sostuvo que con la Cumbre de la Comunidad de Estados Latinoamericanos y Caribe\u00f1os (CELAC) con la Uni\u00f3n Europea (UE) los pa\u00edses de esta zona del mundo han iniciado una nueva etapa en su desarrollo regional.<\/p>\n","protected":false},"author":1,"featured_media":0,"comment_status":"open","ping_status":"open","sticky":false,"template":"","format":"standard","meta":{"_monsterinsights_skip_tracking":false,"_monsterinsights_sitenote_active":false,"_monsterinsights_sitenote_note":"","_monsterinsights_sitenote_category":0,"footnotes":""},"categories":[17,3],"tags":[6240,18,43673],"class_list":["post-118824","post","type-post","status-publish","format-standard","hentry","category-especiales","category-nacional","tag-angela-merkel","tag-enrique-pena-nieto","tag-nacional"],"_links":{"self":[{"href":"https:\/\/www.diarioimagen.net\/index.php?rest_route=\/wp\/v2\/posts\/118824","targetHints":{"allow":["GET"]}}],"collection":[{"href":"https:\/\/www.diarioimagen.net\/index.php?rest_route=\/wp\/v2\/posts"}],"about":[{"href":"https:\/\/www.diarioimagen.net\/index.php?rest_route=\/wp\/v2\/types\/post"}],"author":[{"embeddable":true,"href":"https:\/\/www.diarioimagen.net\/index.php?rest_route=\/wp\/v2\/users\/1"}],"replies":[{"embeddable":true,"href":"https:\/\/www.diarioimagen.net\/index.php?rest_route=%2Fwp%2Fv2%2Fcomments&post=118824"}],"version-history":[{"count":0,"href":"https:\/\/www.diarioimagen.net\/index.php?rest_route=\/wp\/v2\/posts\/118824\/revisions"}],"wp:attachment":[{"href":"https:\/\/www.diarioimagen.net\/index.php?rest_route=%2Fwp%2Fv2%2Fmedia&parent=118824"}],"wp:term":[{"taxonomy":"category","embeddable":true,"href":"https:\/\/www.diarioimagen.net\/index.php?rest_route=%2Fwp%2Fv2%2Fcategories&post=118824"},{"taxonomy":"post_tag","embeddable":true,"href":"https:\/\/www.diarioimagen.net\/index.php?rest_route=%2Fwp%2Fv2%2Ftags&post=118824"}],"curies":[{"name":"wp","href":"https:\/\/api.w.org\/{rel}","templated":true}]}}